{"id":37406,"date":"2014-05-08T16:20:18","date_gmt":"2014-05-08T16:20:18","guid":{"rendered":"http:\/\/192.168.64.2\/fr\/index.php\/2014\/05\/08\/communiqu-du-conseil-des-ministres-38\/"},"modified":"2022-07-04T05:20:00","modified_gmt":"2022-07-04T05:20:00","slug":"communiqu-du-conseil-des-ministres-38","status":"publish","type":"post","link":"https:\/\/ami.mr\/fr\/archives\/37406","title":{"rendered":"Communiqu&eacute; du Conseil des Ministres"},"content":{"rendered":"<p>Le Conseil des Ministres s&#8217;est r\u00e9uni Jeudi sous la Pr\u00e9sidence de Monsieur Mohamed Ould Abdel Aziz, Pr\u00e9sident de la R\u00e9publique. <\/p>\n<p>Le Conseil a examin\u00e9 et adopt\u00e9 les projets de d\u00e9crets suivants :<\/p>\n<p>-Projet de d\u00e9cret modifiant certaines dispositions du d\u00e9cret n\u00b02013-027 du 05 mars 2013 abrogeant et rempla\u00e7ant le d\u00e9cret n\u00b02007-042 du 1er f\u00e9vrier 2007 fixant les taux de couverture et les modalit\u00e9s de remboursement des prestations de soins par la Caisse Nationale d&#8217;Assurance Maladie (CNAM). <\/p>\n<p>Ce projet de d\u00e9cret vise \u00e0 r\u00e9glementer les taux et les modalit\u00e9s de prise en charge en vue d&#8217;am\u00e9liorer l&#8217;acc\u00e8s des assur\u00e9s aux m\u00e9dicaments et aux autres prestations hospitali\u00e8res qui \u00e9taient par le pass\u00e9 prise en charge uniquement \u00e0 l&#8217;\u00e9tranger comme, entre autres, la radioth\u00e9rapie, les proth\u00e8ses auditives ainsi que les mat\u00e9riels d&#8217;implantation et de fixation orthop\u00e9dique.<\/p>\n<p>-Projet de d\u00e9cret portant nomination du pr\u00e9sident et des repr\u00e9sentants de l&#8217;Etat au conseil d&#8217;administration de la SAM-SEM.<\/p>\n<p>-Projet de d\u00e9cret portant nomination des membres du conseil d&#8217;administration de la soci\u00e9t\u00e9 de transport public (STP).<\/p>\n<p>-Projet de d\u00e9cret portant nomination du Pr\u00e9sident du Conseil d&#8217;Administration de l&#8217;Institut P\u00e9dagogique National<\/p>\n<p>-Projet de d\u00e9cret portant sur le r\u00e9gime des activit\u00e9s de communications \u00e9lectroniques et sur les modalit\u00e9s d&#8217;octroi des licences et des autorisations.<\/p>\n<p>-Projet de d\u00e9cret portant d\u00e9finition des conditions g\u00e9n\u00e9rales d&#8217;interconnexion et d&#8217;acc\u00e8s aux r\u00e9seaux et services de communications \u00e9lectroniques.<\/p>\n<p>Les deux projets de d\u00e9cret interviennent en application de la loi n\u00b02013-025 portant sur les communications \u00e9lectroniques. Ils fixent respectivement un certain nombre de r\u00e8gles communes aux licences et aux autorisations ainsi que les conditions d&#8217;interconnexion et d&#8217;acc\u00e8s aux r\u00e9seaux et services. Ces deux d\u00e9crets doivent servir d&#8217;outils importants en vue de permettre \u00e0 l&#8217;Autorit\u00e9 de r\u00e9gulation de mener \u00e0 bien les objectifs qui lui sont assign\u00e9s. <\/p>\n<p>Le Ministre des Affaires Economiques et du D\u00e9veloppement Ministre des Affaires Etrang\u00e8res et de la Coop\u00e9ration par int\u00e9rim a pr\u00e9sent\u00e9 une communication relative \u00e0 la situation internationale.<\/p>\n<p>Le Ministre de l&#8217;Int\u00e9rieur et de la D\u00e9centralisation a pr\u00e9sent\u00e9 une communication relative \u00e0 la situation int\u00e9rieure.<\/p>\n<p>Le Ministre des Finances a pr\u00e9sent\u00e9 les trois communications suivantes :<\/p>\n<p>-une communication relative \u00e0 un bail emphyt\u00e9otique dans la wilaya du Trarza au profit de la soci\u00e9t\u00e9 chinoise pour la production bovine &#8221; JUNFULAY DE NINGXIA SA &#8220;.<\/p>\n<p>-une communication relative \u00e0 un bail emphyt\u00e9otique dans la wilaya du Brakna au profit de la soci\u00e9t\u00e9 chinoise &#8221; Yanlin Zhuangyuan Sciences et Technologie SA &#8220;.<\/p>\n<p>-une communication relative \u00e0 un bail emphyt\u00e9otique \u00e0 Nouakchott au profit de la soci\u00e9t\u00e9 Grand Complexe Avicole de Mauritanie &#8221; G.C.A. &#8220;.<\/p>\n<p>Le Ministre de la Fonction Publique, du Travail et de la Modernisation de l&#8217;Administration et le Ministre des Finance ont pr\u00e9sent\u00e9 une communication conjointe relative \u00e0 la situation des personnels non permanents dans l&#8217;Administration dit (PNP).<\/p>\n<p>Le Ministre de la Fonction Publique, du Travail et de la Modernisation de l&#8217;Administration a \u00e9galement pr\u00e9sent\u00e9 une communication relative aux dol\u00e9ances des travailleurs \u00e0 l&#8217;occasion du 1er mai.<\/p>\n<p>Le Ministre de l&#8217;Equipement et des Transports a pr\u00e9sent\u00e9 une communication relative \u00e0 la concession du nouvel a\u00e9roport international de Nouakchott \u00e0 la soci\u00e9t\u00e9 des a\u00e9roports de Mauritanie (S.A.M).<\/p>\n<p>Enfin le Conseil a pris les mesures individuelles suivantes :<\/p>\n<p>Minist\u00e8re des Affaires Economiques et du D\u00e9veloppement<\/p>\n<p>Etablissements Publics<\/p>\n<p>Office National des Statistiques<\/p>\n<p>Directeur G\u00e9n\u00e9ral Adjoint, Taleb Abderrahmane Ould El Mahjoub, Ing\u00e9nieur d&#8217;Etat en planification statistique<\/p>\n<p>Minist\u00e8re de la P\u00eache et de l&#8217;Economie Maritime<\/p>\n<p>Etablissements Publics<\/p>\n<p>Centre d&#8217;Animation Sociale et d&#8217;Apprentissages aux M\u00e9tiers de la P\u00eache Artisanale et Continentale<\/p>\n<p>Directeur, Mohamed Ould Abdallahi Saghir<\/p>\n<p>Minist\u00e8re de l&#8217;Education Nationale<\/p>\n<p>Cabinet du Ministre<\/p>\n<p>Charg\u00e9es de mission :<\/p>\n<p>&#8211; Mariam mint Sidine, professeur <\/p>\n<p>&#8211; Kahla Mint Aghjelil, enseignante <\/p>\n<p>Conseiller technique,<\/p>\n<p>Mohamed Ould Ali Ould Mahamyay, docteur en Droit<\/p>\n<p>Administration Centrale<\/p>\n<p>Direction des Affaires Administratives et financi\u00e8res <\/p>\n<p>Directeur, El Alem Ould Sidaty, master en gestion<\/p>\n<p>Directrice Adjointe, Khadjetou Mint Bowba, professeur <\/p>\n<p>Direction de l&#8217;enseignement secondaire<\/p>\n<p>Directeur Adjoint Mohamed Ould Lavdal, Inspecteur enseignement secondaire<\/p>\n<p>Direction de la Nutrition et de l&#8217;\u00e9ducation Sanitaire <\/p>\n<p>Directrice Adjointe : Hawa Dia, professeur <\/p>\n<p>Direction des Ressources Humaines et de la Formation<\/p>\n<p>Directeur Adjoint Elemine Ould Mohamed, Professeur<\/p>\n<p>Direction de l&#8217;enseignement Priv\u00e9<\/p>\n<p>Directeur Adjoint, Sidi Amar Ahmed Salem, Professeur<\/p>\n<p>Direction de la Promotion de l&#8217;enseignement des Sciences <\/p>\n<p>Directeur Adjoint Alhouceyny Moussa Wade, Professeur de physique chimie<\/p>\n<p>Etablissements Publics <\/p>\n<p>ENI de Nouakchott<\/p>\n<p>Directeur Adjoint Salek Ould Jidou, pr\u00e9c\u00e9demment Inspecteur \u00e0 Arafat <\/p>\n<p>ENI d&#8217;Aioun<\/p>\n<p>Directeur Adjoint : Vadili Ould Aboibok, Professeur<\/p>\n<p>Minist\u00e8re de la Communication et des Relations avec le Parlement<\/p>\n<p>Cabinet du Ministre<\/p>\n<p>Conseiller Technique, Ahmed Mohamed Moustapha, Ecrivain journaliste.<\/p>\n","protected":false},"excerpt":{"rendered":"<p>Le Conseil des Ministres s&#8217;est r\u00e9uni Jeudi sous la Pr\u00e9sidence de Monsieur Mohamed Ould Abdel Aziz, Pr\u00e9sident de la R\u00e9publique. <\/p>\n<p>Le Conseil a examin\u00e9 et adopt\u00e9 les projets de d\u00e9crets suivants :<\/p>\n<p>-Projet<\/p>\n","protected":false},"author":1,"featured_media":132239,"comment_status":"closed","ping_status":"closed","sticky":false,"template":"","format":"standard","meta":{"footnotes":""},"categories":[],"tags":[63991,62476,62753],"class_list":["post-37406","post","type-post","status-publish","format-standard","has-post-thumbnail","hentry","tag-activites-presidentielles","tag-nouakchott","tag-rabani"],"_links":{"self":[{"href":"https:\/\/ami.mr\/fr\/wp-json\/wp\/v2\/posts\/37406","targetHints":{"allow":["GET"]}}],"collection":[{"href":"https:\/\/ami.mr\/fr\/wp-json\/wp\/v2\/posts"}],"about":[{"href":"https:\/\/ami.mr\/fr\/wp-json\/wp\/v2\/types\/post"}],"author":[{"embeddable":true,"href":"https:\/\/ami.mr\/fr\/wp-json\/wp\/v2\/users\/1"}],"replies":[{"embeddable":true,"href":"https:\/\/ami.mr\/fr\/wp-json\/wp\/v2\/comments?post=37406"}],"version-history":[{"count":1,"href":"https:\/\/ami.mr\/fr\/wp-json\/wp\/v2\/posts\/37406\/revisions"}],"predecessor-version":[{"id":132238,"href":"https:\/\/ami.mr\/fr\/wp-json\/wp\/v2\/posts\/37406\/revisions\/132238"}],"wp:featuredmedia":[{"embeddable":true,"href":"https:\/\/ami.mr\/fr\/wp-json\/wp\/v2\/media\/132239"}],"wp:attachment":[{"href":"https:\/\/ami.mr\/fr\/wp-json\/wp\/v2\/media?parent=37406"}],"wp:term":[{"taxonomy":"category","embeddable":true,"href":"https:\/\/ami.mr\/fr\/wp-json\/wp\/v2\/categories?post=37406"},{"taxonomy":"post_tag","embeddable":true,"href":"https:\/\/ami.mr\/fr\/wp-json\/wp\/v2\/tags?post=37406"}],"curies":[{"name":"wp","href":"https:\/\/api.w.org\/{rel}","templated":true}]}}