{"id":37401,"date":"2014-05-08T11:35:15","date_gmt":"2014-05-08T11:35:15","guid":{"rendered":"http:\/\/192.168.64.2\/fr\/index.php\/2014\/05\/08\/le-ministre-de-la-communication-la-libert-de-la-presse-est-une-option-stratgique-nationale-du-prsident-de-la-rpublique\/"},"modified":"2022-07-04T05:19:56","modified_gmt":"2022-07-04T05:19:56","slug":"le-ministre-de-la-communication-la-libert-de-la-presse-est-une-option-stratgique-nationale-du-prsident-de-la-rpublique","status":"publish","type":"post","link":"https:\/\/ami.mr\/fr\/archives\/37401","title":{"rendered":"Le ministre de la communication: La libert&eacute; de la presse est une option strat&eacute;gique nationale du Pr&eacute;sident de la R&eacute;publique"},"content":{"rendered":"<p>Me. Sidi Mohamed Ould Maham, ministre de la communication et des relations avec le parlement a r\u00e9affirm\u00e9, mercredi soir, l&#8217;engagement du Pr\u00e9sident de la R\u00e9publique, Monsieur Mohamed Ould Abdel Aziz \u00e0 pr\u00e9server la libert\u00e9 de la presse comme une option strat\u00e9gique nationale garantissant l&#8217;enracinement de la d\u00e9mocratie et du pluralisme.<\/p>\n<p>Il a souhait\u00e9, lors d&#8217;une intervention \u00e0 l&#8217;occasion du d\u00eener d\u00e9bat organis\u00e9 conjointement par l&#8217;union des sites \u00e9lectroniques et le rassemblement de la presse mauritanienne que le secteur de l&#8217;information se d\u00e9veloppe et am\u00e9liore la qualit\u00e9 de ses prestations en tant que&#8221; produit national&#8221; propos\u00e9 au monde entier et \u00e0 travers lequel il nous observe et suit notre \u00e9volution. Le ministre a soulign\u00e9 que les efforts d\u00e9ploy\u00e9s pour renforcer le secteur se r\u00e9percute immmm\u00e9diatement sur le d\u00e9veloppement du pays et le renforcement de sa position dans le concert des nations f\u00e9licitant la presse nationale de la position que notre pays occupe aux plans arabe et international dans le domaine de la libert\u00e9 de la presse.<\/p>\n<p>Il a indiqu\u00e9, par ailleurs, que ces progr\u00e8s ne sont pas fortuits car ils couronnent un grand effort consenti par le Gouvernement sur instruction du Pr\u00e9sident de la R\u00e9publique afin que la presse nationale retrouve la place qui lui sied au sein de la presse internationale.<\/p>\n<p>Le pr\u00e9sident de l&#8217;union des sites \u00e9lectroniques, M. Mohamed<br \/>\nd&#8217;enrichir le d\u00e9bat sur les diff\u00e9rentes questions d\u00e9cisives Aly Ould Abady a, pour sa part, indiqu\u00e9 que cette rencontre offre l&#8217;opportunit\u00e9<br \/>\npour l&#8217;avenir du secteur et de d\u00e9gager des propositions et suggestions de nature \u00e0 l&#8217;impulser vers le meilleur.<\/p>\n<p>La c\u00e9r\u00e9monie s&#8217;est d\u00e9roul\u00e9e en pr\u00e9sence du secretaire g\u00e9n\u00e9ral du d\u00e9partement, des directeurs des institutions de presse publiques et priv\u00e9es et plusieurs invit\u00e9s de marque.<\/p>\n","protected":false},"excerpt":{"rendered":"<p>Me. Sidi Mohamed Ould Maham, ministre de la communication et des relations avec le parlement a r\u00e9affirm\u00e9, mercredi soir, l&#8217;engagement du Pr\u00e9sident de la R\u00e9publique, Monsieur Mohamed Ould Abdel Aziz \u00e0 pr\u00e9server<\/p>\n","protected":false},"author":1,"featured_media":132234,"comment_status":"closed","ping_status":"closed","sticky":false,"template":"","format":"standard","meta":{"footnotes":""},"categories":[],"tags":[62754,62476,63994],"class_list":["post-37401","post","type-post","status-publish","format-standard","has-post-thumbnail","hentry","tag-mariem","tag-nouakchott","tag-presse"],"_links":{"self":[{"href":"https:\/\/ami.mr\/fr\/wp-json\/wp\/v2\/posts\/37401","targetHints":{"allow":["GET"]}}],"collection":[{"href":"https:\/\/ami.mr\/fr\/wp-json\/wp\/v2\/posts"}],"about":[{"href":"https:\/\/ami.mr\/fr\/wp-json\/wp\/v2\/types\/post"}],"author":[{"embeddable":true,"href":"https:\/\/ami.mr\/fr\/wp-json\/wp\/v2\/users\/1"}],"replies":[{"embeddable":true,"href":"https:\/\/ami.mr\/fr\/wp-json\/wp\/v2\/comments?post=37401"}],"version-history":[{"count":1,"href":"https:\/\/ami.mr\/fr\/wp-json\/wp\/v2\/posts\/37401\/revisions"}],"predecessor-version":[{"id":132233,"href":"https:\/\/ami.mr\/fr\/wp-json\/wp\/v2\/posts\/37401\/revisions\/132233"}],"wp:featuredmedia":[{"embeddable":true,"href":"https:\/\/ami.mr\/fr\/wp-json\/wp\/v2\/media\/132234"}],"wp:attachment":[{"href":"https:\/\/ami.mr\/fr\/wp-json\/wp\/v2\/media?parent=37401"}],"wp:term":[{"taxonomy":"category","embeddable":true,"href":"https:\/\/ami.mr\/fr\/wp-json\/wp\/v2\/categories?post=37401"},{"taxonomy":"post_tag","embeddable":true,"href":"https:\/\/ami.mr\/fr\/wp-json\/wp\/v2\/tags?post=37401"}],"curies":[{"name":"wp","href":"https:\/\/api.w.org\/{rel}","templated":true}]}}