{"id":34461,"date":"2013-12-19T20:12:14","date_gmt":"2013-12-19T20:12:14","guid":{"rendered":"http:\/\/192.168.64.2\/fr\/index.php\/2013\/12\/19\/lobservatoire-national-pour-la-surveillance-des-elections-pret-a-surveiller-le-2eme-tour\/"},"modified":"2022-07-04T04:34:12","modified_gmt":"2022-07-04T04:34:12","slug":"lobservatoire-national-pour-la-surveillance-des-elections-pret-a-surveiller-le-2eme-tour","status":"publish","type":"post","link":"https:\/\/ami.mr\/fr\/archives\/34461","title":{"rendered":"L&#8217;Observatoire national pour la surveillance des \u00e9lections pr\u00eat \u00e0 surveiller le 2\u00e8me tour"},"content":{"rendered":"<p>Le porte parole officiel de l&#8217;Observatoire national pour la surveillance des \u00e9lections (ONSEL) Dr. Mohamed Ould Bouleiba a soulign\u00e9 jeudi que son institution est pr\u00eate \u00e0 surveiller le 2\u00e8me tour des \u00e9lections l\u00e9gislatives et municipales qui d\u00e9marreront samedi prochain.<br \/>\nIl a ajout\u00e9 au cours d&#8217;une conf\u00e9rence de presse tenue au Palais des Congr\u00e8s de Nouakchott que l&#8217;ONSEL a d\u00e9p\u00each\u00e9 des missions d&#8217;observation des \u00e9lections dans toutes les moughataa du pays o\u00f9 doit se d\u00e9rouler le second tour et \u00e0 Nouakchott.<br \/>\nToutes ces missions d&#8217;observation seront op\u00e9rationnelles sur le terrain d\u00e8s demain matin vendredi afin de proc\u00e9der \u00e0 l&#8217;observation de l&#8217;op\u00e9ration de vote des forces arm\u00e9es et de s\u00e9curit\u00e9.<br \/>\nPar ailleurs, poursuit le porte parole de l&#8217;ONSEL, plusieurs missions d&#8217;observations internationales sont d\u00e9j\u00e0 arriv\u00e9es \u00e0 Nouakchott dans ce m\u00eame objectif.<br \/>\nL&#8217;ONSEL offre ajoute -t- il, tout l&#8217;appui n\u00e9cessaire \u00e0 ses confr\u00e8res observateurs africains et arabes qui ont bien voulu assurer cette misssion d&#8217;observation.<br \/>\nPlusieurs d\u00e9l\u00e9gations d&#8217;observation internationales ont \u00e9t\u00e9 re\u00e7ues par le pr\u00e9sident de l&#8217;observatoire M. Taki Ould Sidi qui les a assur\u00e9es du plein soutien de l&#8217;ONSEL pour la r\u00e9ussite de leur mission en Mauritanie.<\/p>\n","protected":false},"excerpt":{"rendered":"<p>Le porte parole officiel de l&#8217;Observatoire national pour la surveillance des \u00e9lections (ONSEL) Dr. Mohamed Ould Bouleiba a soulign\u00e9 jeudi que son institution est pr\u00eate \u00e0 surveiller le 2\u00e8me tour des \u00e9lections<\/p>\n","protected":false},"author":1,"featured_media":129281,"comment_status":"closed","ping_status":"closed","sticky":false,"template":"","format":"standard","meta":{"footnotes":""},"categories":[],"tags":[63974,62749,62476,63047],"class_list":["post-34461","post","type-post","status-publish","format-standard","has-post-thumbnail","hentry","tag-elections-legislatives","tag-nena","tag-nouakchott","tag-seyide"],"_links":{"self":[{"href":"https:\/\/ami.mr\/fr\/wp-json\/wp\/v2\/posts\/34461","targetHints":{"allow":["GET"]}}],"collection":[{"href":"https:\/\/ami.mr\/fr\/wp-json\/wp\/v2\/posts"}],"about":[{"href":"https:\/\/ami.mr\/fr\/wp-json\/wp\/v2\/types\/post"}],"author":[{"embeddable":true,"href":"https:\/\/ami.mr\/fr\/wp-json\/wp\/v2\/users\/1"}],"replies":[{"embeddable":true,"href":"https:\/\/ami.mr\/fr\/wp-json\/wp\/v2\/comments?post=34461"}],"version-history":[{"count":1,"href":"https:\/\/ami.mr\/fr\/wp-json\/wp\/v2\/posts\/34461\/revisions"}],"predecessor-version":[{"id":129280,"href":"https:\/\/ami.mr\/fr\/wp-json\/wp\/v2\/posts\/34461\/revisions\/129280"}],"wp:featuredmedia":[{"embeddable":true,"href":"https:\/\/ami.mr\/fr\/wp-json\/wp\/v2\/media\/129281"}],"wp:attachment":[{"href":"https:\/\/ami.mr\/fr\/wp-json\/wp\/v2\/media?parent=34461"}],"wp:term":[{"taxonomy":"category","embeddable":true,"href":"https:\/\/ami.mr\/fr\/wp-json\/wp\/v2\/categories?post=34461"},{"taxonomy":"post_tag","embeddable":true,"href":"https:\/\/ami.mr\/fr\/wp-json\/wp\/v2\/tags?post=34461"}],"curies":[{"name":"wp","href":"https:\/\/api.w.org\/{rel}","templated":true}]}}