{"id":32740,"date":"2013-09-20T22:24:36","date_gmt":"2013-09-20T22:24:36","guid":{"rendered":"http:\/\/192.168.64.2\/fr\/index.php\/2013\/09\/20\/ouverture-des-travaux-du-11eme-congrs-scientifique-sur-les-maladies-dues-aux-allergies\/"},"modified":"2022-07-04T04:12:01","modified_gmt":"2022-07-04T04:12:01","slug":"ouverture-des-travaux-du-11eme-congrs-scientifique-sur-les-maladies-dues-aux-allergies","status":"publish","type":"post","link":"https:\/\/ami.mr\/fr\/archives\/32740","title":{"rendered":"Ouverture des travaux du 11eme congr&egrave;s scientifique sur les maladies dues aux allergies"},"content":{"rendered":"<p>Les travaux du 11eme congr\u00e8s scientifique sur les maladies dues aux allergies (FMAAIC) ont \u00e9t\u00e9 ouverts, vendredi soir \u00e0 Nouakchott sous le signe de &#8221; l&#8217;\u00e9change des exp\u00e9riences et des connaissances pour une prise en charge appropri\u00e9e du diagnostic et du traitement des maladies dues aux allergies&#8221;.<br \/>\nOrganis\u00e9e par le minist\u00e8re de la sant\u00e9, cette rencontre voit la participation de professeurs, de m\u00e9decins et des repr\u00e9sentants des organisations maghr\u00e9bines des maladies dues allergies, en plus du pr\u00e9sident de l&#8217;Association Africaine des maladies dues aux allergies qui \u00e9couteront, durant deux jours, des expos\u00e9s th\u00e9oriques sur les maladies dues aux allergies, notamment l&#8217;ashme.<br \/>\nDans un mot prononc\u00e9 pour la circonstance, le conseiller du ministre de la sant\u00e9, Dr. Cheikh Bay Ould M&#8217;Khaitrat a indiqu\u00e9 que ce congr\u00e8s contribuera \u00e0 am\u00e9liorer les comp\u00e9tences des m\u00e9decins maghr\u00e9bins et \u00e0 rapprocher les prestations sanitaires sp\u00e9cialis\u00e9es des populations, ce qui est de nature, a-t-il dit, \u00e0 permettre la compl\u00e9mentarit\u00e9 maghr\u00e9bine dans le domaine de la sant\u00e9.<br \/>\nPour sa part, Dr. Kane El Hadj Maleck, pr\u00e9sident de l&#8217;Association Nationale de Formation continue en allergologie a indiqu\u00e9 que son association compte sur ces journ\u00e9es pour \u00e9tablir le pont entre l&#8217;Afrique noire francophone et le Maghreb Arabe pour de meilleurs \u00e9changes d&#8217;exp\u00e9riences en mati\u00e8re d&#8217;allergologie.<br \/>\nIl a ajout\u00e9 que les affections allergiques bien que fr\u00e9quentes, l&#8217;allergologie est cependant peu enseign\u00e9e dans les universit\u00e9s africaines. C&#8217;est pour r\u00e9pondre \u00e0 ce besoin de formation que &#8221; nous avons cr\u00e9\u00e9 l&#8217;ANAFORCAL (Association Nationale de Formation Continue en Allergologie)&#8221;, a-t-il dit.<br \/>\nPour leur part, les repr\u00e9sentants des organisations maghr\u00e9bines des maladies dues aux allergies ont insist\u00e9 sur l&#8217;importance de ce congr\u00e8s qui permettra aux participants de savoir plus sur les allergies \u00e0 travers l&#8217;\u00e9change de vues, ont-ils dit.<br \/>\nLa c\u00e9r\u00e9monie d&#8217;ouverture s&#8217;est d\u00e9roul\u00e9e en pr\u00e9sence du repr\u00e9sentant du doyen de la facult\u00e9 de m\u00e9decine et d&#8217;autres personnalit\u00e9s.<\/p>\n","protected":false},"excerpt":{"rendered":"<p>Les travaux du 11eme congr\u00e8s scientifique sur les maladies dues aux allergies (FMAAIC) ont \u00e9t\u00e9 ouverts, vendredi soir \u00e0 Nouakchott sous le signe de &#8221; l&#8217;\u00e9change des exp\u00e9riences et des connaissances pour<\/p>\n","protected":false},"author":1,"featured_media":127559,"comment_status":"closed","ping_status":"closed","sticky":false,"template":"","format":"standard","meta":{"footnotes":""},"categories":[],"tags":[62757,62476,63995],"class_list":["post-32740","post","type-post","status-publish","format-standard","has-post-thumbnail","hentry","tag-nomma","tag-nouakchott","tag-sante"],"_links":{"self":[{"href":"https:\/\/ami.mr\/fr\/wp-json\/wp\/v2\/posts\/32740","targetHints":{"allow":["GET"]}}],"collection":[{"href":"https:\/\/ami.mr\/fr\/wp-json\/wp\/v2\/posts"}],"about":[{"href":"https:\/\/ami.mr\/fr\/wp-json\/wp\/v2\/types\/post"}],"author":[{"embeddable":true,"href":"https:\/\/ami.mr\/fr\/wp-json\/wp\/v2\/users\/1"}],"replies":[{"embeddable":true,"href":"https:\/\/ami.mr\/fr\/wp-json\/wp\/v2\/comments?post=32740"}],"version-history":[{"count":1,"href":"https:\/\/ami.mr\/fr\/wp-json\/wp\/v2\/posts\/32740\/revisions"}],"predecessor-version":[{"id":127558,"href":"https:\/\/ami.mr\/fr\/wp-json\/wp\/v2\/posts\/32740\/revisions\/127558"}],"wp:featuredmedia":[{"embeddable":true,"href":"https:\/\/ami.mr\/fr\/wp-json\/wp\/v2\/media\/127559"}],"wp:attachment":[{"href":"https:\/\/ami.mr\/fr\/wp-json\/wp\/v2\/media?parent=32740"}],"wp:term":[{"taxonomy":"category","embeddable":true,"href":"https:\/\/ami.mr\/fr\/wp-json\/wp\/v2\/categories?post=32740"},{"taxonomy":"post_tag","embeddable":true,"href":"https:\/\/ami.mr\/fr\/wp-json\/wp\/v2\/tags?post=32740"}],"curies":[{"name":"wp","href":"https:\/\/api.w.org\/{rel}","templated":true}]}}