{"id":301870,"date":"2026-09-06T11:47:01","date_gmt":"2026-09-06T11:47:01","guid":{"rendered":"https:\/\/ami.mr\/fr\/?p=301870"},"modified":"2026-09-06T11:47:56","modified_gmt":"2026-09-06T11:47:56","slug":"le-president-de-la-republique-felicite-son-homologue-bresilien-7","status":"publish","type":"post","link":"https:\/\/ami.mr\/fr\/archives\/301870","title":{"rendered":"Le Pr\u00e9sident de la R\u00e9publique f\u00e9licite son homologue br\u00e9silien"},"content":{"rendered":"<p>Son Excellence le Pr\u00e9sident de la R\u00e9publique, M. Mohamed Ould Cheikh El Ghazouani, a adress\u00e9, ce dimanche, un message de f\u00e9licitations \u00e0 Son Excellence M. Luiz In\u00e1cio Lula da Silva, Pr\u00e9sident de la R\u00e9publique f\u00e9d\u00e9rative du Br\u00e9sil, \u00e0 l\u2019occasion de la f\u00eate nationale de son pays.<\/p>\n<p>Ce message est ainsi libell\u00e9 :<\/p>\n<p>\u00ab Monsieur le Pr\u00e9sident,<\/p>\n<p>\u00c0 l\u2019occasion de la f\u00eate nationale de votre pays, j\u2019ai le plaisir de vous adresser mes plus chaleureuses f\u00e9licitations et de souhaiter au peuple br\u00e9silien ami davantage de progr\u00e8s et de prosp\u00e9rit\u00e9.<\/p>\n<p>Je vous assure \u00e9galement de notre enti\u00e8re volont\u00e9 de poursuivre le d\u00e9veloppement de la coop\u00e9ration entre nos deux pays, au service des int\u00e9r\u00eats de nos deux peuples amis.<\/p>\n<p>Veuillez agr\u00e9er, Monsieur le Pr\u00e9sident, l\u2019expression de ma tr\u00e8s haute consid\u00e9ration.<\/p>\n<p>Mohamed Ould Cheikh El Ghazouani \u00bb<\/p>\n","protected":false},"excerpt":{"rendered":"<p>Son Excellence le Pr\u00e9sident de la R\u00e9publique, M. Mohamed Ould Cheikh El Ghazouani, a adress\u00e9, ce dimanche, un message de f\u00e9licitations \u00e0 Son Excellence M. Luiz In\u00e1cio Lula da Silva, Pr\u00e9sident de la R\u00e9publique f\u00e9d\u00e9rative du Br\u00e9sil, \u00e0 l\u2019occasion de la f\u00eate nationale de son pays. Ce message est ainsi libell\u00e9 : \u00ab Monsieur le [&hellip;]<\/p>\n","protected":false},"author":16,"featured_media":301871,"comment_status":"open","ping_status":"open","sticky":false,"template":"","format":"standard","meta":{"footnotes":""},"categories":[63919,63957,63959,63921,63927],"tags":[],"class_list":["post-301870","post","type-post","status-publish","format-standard","has-post-thumbnail","hentry","category-choix-du-redacteur","category-fil-dactualite","category-mauritanie","category-slider-afficher","category-slider-mauritanie"],"_links":{"self":[{"href":"https:\/\/ami.mr\/fr\/wp-json\/wp\/v2\/posts\/301870","targetHints":{"allow":["GET"]}}],"collection":[{"href":"https:\/\/ami.mr\/fr\/wp-json\/wp\/v2\/posts"}],"about":[{"href":"https:\/\/ami.mr\/fr\/wp-json\/wp\/v2\/types\/post"}],"author":[{"embeddable":true,"href":"https:\/\/ami.mr\/fr\/wp-json\/wp\/v2\/users\/16"}],"replies":[{"embeddable":true,"href":"https:\/\/ami.mr\/fr\/wp-json\/wp\/v2\/comments?post=301870"}],"version-history":[{"count":2,"href":"https:\/\/ami.mr\/fr\/wp-json\/wp\/v2\/posts\/301870\/revisions"}],"predecessor-version":[{"id":301873,"href":"https:\/\/ami.mr\/fr\/wp-json\/wp\/v2\/posts\/301870\/revisions\/301873"}],"wp:featuredmedia":[{"embeddable":true,"href":"https:\/\/ami.mr\/fr\/wp-json\/wp\/v2\/media\/301871"}],"wp:attachment":[{"href":"https:\/\/ami.mr\/fr\/wp-json\/wp\/v2\/media?parent=301870"}],"wp:term":[{"taxonomy":"category","embeddable":true,"href":"https:\/\/ami.mr\/fr\/wp-json\/wp\/v2\/categories?post=301870"},{"taxonomy":"post_tag","embeddable":true,"href":"https:\/\/ami.mr\/fr\/wp-json\/wp\/v2\/tags?post=301870"}],"curies":[{"name":"wp","href":"https:\/\/api.w.org\/{rel}","templated":true}]}}