{"id":301867,"date":"2026-09-06T11:44:03","date_gmt":"2026-09-06T11:44:03","guid":{"rendered":"https:\/\/ami.mr\/fr\/?p=301867"},"modified":"2026-09-06T11:44:03","modified_gmt":"2026-09-06T11:44:03","slug":"lancement-du-forum-de-lebeyrid-pour-la-culture-et-le-developpement","status":"publish","type":"post","link":"https:\/\/ami.mr\/fr\/archives\/301867","title":{"rendered":"Lancement du Forum de Lebeyrid pour la Culture et le D\u00e9veloppement"},"content":{"rendered":"<p>M. Ahmed Salem Ould Bedde, ministre de la Transformation num\u00e9rique et de la Modernisation administrative, ministre par int\u00e9rim de la Culture, des Arts, de la Communication et des Relations avec le Parlement, accompagn\u00e9 du wali du Trarza, M. Ahmedna Ould Sidibe, a pr\u00e9sid\u00e9 samedi soir l\u2019ouverture du Forum de Lebeyrid pour la Culture, la Pens\u00e9e et le D\u00e9veloppement, au village de Lebeyrid, relevant de la commune de Mballal, dans la moughataa de Keurmacen.<\/p>\n<p>Ce forum, qui se d\u00e9roule sur deux jours, est organis\u00e9 par l\u2019Association El Alama Ahmed Ould Kedah pour la Culture et le Patrimoine.<\/p>\n<p>Le programme du forum comprend la pr\u00e9sentation de plusieurs publications locales et d\u2019ouvrages rares, ainsi que des conf\u00e9rences et des s\u00e9minaires intellectuels consacr\u00e9s \u00e0 l\u2019histoire et aux contributions culturelles de la r\u00e9gion, outre des soir\u00e9es litt\u00e9raires et artistiques.<\/p>\n<p>Dans son allocution, le ministre a soulign\u00e9 que ce forum refl\u00e8te la richesse et la diversit\u00e9 culturelles de la r\u00e9gion, mettant en lumi\u00e8re les valeurs communes et le patrimoine authentique qui unissent ses habitants, et faisant de cette manifestation un exemple vivant de la diversit\u00e9 culturelle de la Mauritanie.<\/p>\n<p>Il a ajout\u00e9 que l\u2019organisation de cet \u00e9v\u00e9nement s\u2019inscrit dans les objectifs du minist\u00e8re de la Culture, des Arts, de la Communication et des Relations avec le Parlement, qui visent \u00e0 impliquer les acteurs culturels, \u00e0 encourager les initiatives locales et \u00e0 cr\u00e9er des espaces de dialogue et d\u2019\u00e9change, contribuant ainsi \u00e0 renforcer la coh\u00e9sion sociale et \u00e0 faire de la culture et du patrimoine un pilier du d\u00e9veloppement.<\/p>\n<p>Il a expliqu\u00e9 que le gouvernement s\u2019est efforc\u00e9, ces derni\u00e8res ann\u00e9es, de soutenir cette approche en encourageant l\u2019organisation de festivals et de manifestations culturelles \u00e0 travers le pays, en mettant en valeur les sp\u00e9cificit\u00e9s culturelles de chaque r\u00e9gion dans un cadre global refl\u00e9tant l\u2019unit\u00e9 nationale et la richesse de la diversit\u00e9 culturelle du pays.<\/p>\n<p>Il a relev\u00e9 que l\u2019attention accord\u00e9e \u00e0 la culture et au patrimoine s\u2019inscrit pleinement dans la vision globale de Son Excellence le Pr\u00e9sident de la R\u00e9publique, M. Mohamed Ould Cheikh El Ghazouani, qui place le d\u00e9veloppement humain, le renforcement de l\u2019unit\u00e9 nationale et la pr\u00e9servation de la diversit\u00e9 culturelle au c\u0153ur de la construction de la nation et de la consolidation de sa stabilit\u00e9.<\/p>\n<p>Il a d\u00e9clar\u00e9 que cette vision avait permis d\u2019accomplir des progr\u00e8s significatifs ces derni\u00e8res ann\u00e9es, notamment dans les domaines de la consolidation de l\u2019unit\u00e9 nationale, de la promotion de la culture, du renforcement de la s\u00e9curit\u00e9 et de la stabilit\u00e9, du soutien \u00e0 l\u2019\u00e9conomie, ainsi que de l\u2019am\u00e9lioration du rayonnement et du positionnement du pays aux niveaux r\u00e9gional et international.<\/p>\n<p>Il a soulign\u00e9 que le gouvernement de Son Excellence le Premier ministre, M. Mokhtar Ould Djay, s\u2019emploie \u00e0 concr\u00e9tiser cette vision \u00e0 travers des programmes et des projets couvrant les diff\u00e9rentes r\u00e9gions du pays.<\/p>\n<p>Le ministre a exprim\u00e9 sa gratitude aux organisateurs du forum et formul\u00e9 l\u2019espoir que le \u00ab Forum de Lebeyrid \u00bb devienne une manifestation culturelle et intellectuelle r\u00e9guli\u00e8re, contribuant \u00e0 pr\u00e9server le patrimoine culturel de la r\u00e9gion, \u00e0 l\u2019enrichir et \u00e0 ouvrir de nouvelles perspectives pour son avenir.<\/p>\n<p>Pour sa part, le maire de Mballal, M. Kotob Ould Balil, a affirm\u00e9 que le choix du village de Lebeyrid pour accueillir le forum rev\u00eatait une importance particuli\u00e8re. Il a soulign\u00e9 que la culture et la pens\u00e9e ne se limitent pas aux villes et aux grands centres, mais peuvent \u00e9galement s\u2019\u00e9panouir dans les villages et les zones rurales, transformant ces espaces en lieux de dialogue, de cr\u00e9ativit\u00e9 et de d\u00e9veloppement d\u2019initiatives.<\/p>\n","protected":false},"excerpt":{"rendered":"<p>M. Ahmed Salem Ould Bedde, ministre de la Transformation num\u00e9rique et de la Modernisation administrative, ministre par int\u00e9rim de la Culture, des Arts, de la Communication et des Relations avec le Parlement, accompagn\u00e9 du wali du Trarza, M. Ahmedna Ould Sidibe, a pr\u00e9sid\u00e9 samedi soir l\u2019ouverture du Forum de Lebeyrid pour la Culture, la Pens\u00e9e [&hellip;]<\/p>\n","protected":false},"author":16,"featured_media":301868,"comment_status":"open","ping_status":"open","sticky":false,"template":"","format":"standard","meta":{"footnotes":""},"categories":[63920,63957,8672],"tags":[],"class_list":["post-301867","post","type-post","status-publish","format-standard","has-post-thumbnail","hentry","category-a-la-une","category-fil-dactualite","category-8672"],"_links":{"self":[{"href":"https:\/\/ami.mr\/fr\/wp-json\/wp\/v2\/posts\/301867","targetHints":{"allow":["GET"]}}],"collection":[{"href":"https:\/\/ami.mr\/fr\/wp-json\/wp\/v2\/posts"}],"about":[{"href":"https:\/\/ami.mr\/fr\/wp-json\/wp\/v2\/types\/post"}],"author":[{"embeddable":true,"href":"https:\/\/ami.mr\/fr\/wp-json\/wp\/v2\/users\/16"}],"replies":[{"embeddable":true,"href":"https:\/\/ami.mr\/fr\/wp-json\/wp\/v2\/comments?post=301867"}],"version-history":[{"count":1,"href":"https:\/\/ami.mr\/fr\/wp-json\/wp\/v2\/posts\/301867\/revisions"}],"predecessor-version":[{"id":301869,"href":"https:\/\/ami.mr\/fr\/wp-json\/wp\/v2\/posts\/301867\/revisions\/301869"}],"wp:featuredmedia":[{"embeddable":true,"href":"https:\/\/ami.mr\/fr\/wp-json\/wp\/v2\/media\/301868"}],"wp:attachment":[{"href":"https:\/\/ami.mr\/fr\/wp-json\/wp\/v2\/media?parent=301867"}],"wp:term":[{"taxonomy":"category","embeddable":true,"href":"https:\/\/ami.mr\/fr\/wp-json\/wp\/v2\/categories?post=301867"},{"taxonomy":"post_tag","embeddable":true,"href":"https:\/\/ami.mr\/fr\/wp-json\/wp\/v2\/tags?post=301867"}],"curies":[{"name":"wp","href":"https:\/\/api.w.org\/{rel}","templated":true}]}}