{"id":301860,"date":"2026-09-05T20:50:51","date_gmt":"2026-09-05T20:50:51","guid":{"rendered":"https:\/\/ami.mr\/fr\/?p=301860"},"modified":"2026-09-05T20:50:51","modified_gmt":"2026-09-05T20:50:51","slug":"le-representant-permanent-de-notre-pays-aupres-de-la-ligue-des-etats-arabes-participe-a-la-reunion-du-conseil-de-la-ligue-au-niveau-des-delegues","status":"publish","type":"post","link":"https:\/\/ami.mr\/fr\/archives\/301860","title":{"rendered":"Le Repr\u00e9sentant permanent de notre pays aupr\u00e8s de la Ligue des \u00c9tats arabes participe \u00e0 la r\u00e9union du Conseil de la Ligue au niveau des d\u00e9l\u00e9gu\u00e9s"},"content":{"rendered":"<p>Le Repr\u00e9sentant permanent de notre pays aupr\u00e8s de la Ligue des \u00c9tats arabes, Son Excellence l&#8217;Ambassadeur El Houssein Sidi Abdallah , a particip\u00e9 aujourd&#8217;hui \u00e0 la r\u00e9union du Conseil de la Ligue au niveau des d\u00e9l\u00e9gu\u00e9s permanents lors de sa session ordinaire (166) tenue au si\u00e8ge du Secr\u00e9tariat g\u00e9n\u00e9ral au Caire.<\/p>\n<p>La r\u00e9union a examin\u00e9 un certain nombre de points inscrits \u00e0 l&#8217;ordre du jour, notamment la question palestinienne, le conflit isra\u00e9lo-arabe et la s\u00e9curit\u00e9 nationale arabe, ainsi que des dossiers juridiques et administratifs li\u00e9s au processus de l&#8217;action arabe.<\/p>\n<p>Il est pr\u00e9vu que les recommandations issues de la r\u00e9union soient soumises au Conseil de la Ligue au niveau minist\u00e9riel, en pr\u00e9lude \u00e0 sa tenue le lundi 7 septembre courant.<\/p>\n<p>Ont particip\u00e9 \u00e0 la r\u00e9union aux c\u00f4t\u00e9s de Son Excellence l&#8217;Ambassadeur, le Premier Conseiller \u00e0 l&#8217;ambassade Mohamed Mahboubi et le Second Conseiller Dah Baba.<\/p>\n","protected":false},"excerpt":{"rendered":"<p>Le Repr\u00e9sentant permanent de notre pays aupr\u00e8s de la Ligue des \u00c9tats arabes, Son Excellence l&#8217;Ambassadeur El Houssein Sidi Abdallah , a particip\u00e9 aujourd&#8217;hui \u00e0 la r\u00e9union du Conseil de la Ligue au niveau des d\u00e9l\u00e9gu\u00e9s permanents lors de sa session ordinaire (166) tenue au si\u00e8ge du Secr\u00e9tariat g\u00e9n\u00e9ral au Caire. La r\u00e9union a examin\u00e9 [&hellip;]<\/p>\n","protected":false},"author":18,"featured_media":301861,"comment_status":"open","ping_status":"open","sticky":false,"template":"","format":"standard","meta":{"footnotes":""},"categories":[63918,63957,25],"tags":[],"class_list":["post-301860","post","type-post","status-publish","format-standard","has-post-thumbnail","hentry","category-autres","category-fil-dactualite","category-25"],"_links":{"self":[{"href":"https:\/\/ami.mr\/fr\/wp-json\/wp\/v2\/posts\/301860","targetHints":{"allow":["GET"]}}],"collection":[{"href":"https:\/\/ami.mr\/fr\/wp-json\/wp\/v2\/posts"}],"about":[{"href":"https:\/\/ami.mr\/fr\/wp-json\/wp\/v2\/types\/post"}],"author":[{"embeddable":true,"href":"https:\/\/ami.mr\/fr\/wp-json\/wp\/v2\/users\/18"}],"replies":[{"embeddable":true,"href":"https:\/\/ami.mr\/fr\/wp-json\/wp\/v2\/comments?post=301860"}],"version-history":[{"count":1,"href":"https:\/\/ami.mr\/fr\/wp-json\/wp\/v2\/posts\/301860\/revisions"}],"predecessor-version":[{"id":301862,"href":"https:\/\/ami.mr\/fr\/wp-json\/wp\/v2\/posts\/301860\/revisions\/301862"}],"wp:featuredmedia":[{"embeddable":true,"href":"https:\/\/ami.mr\/fr\/wp-json\/wp\/v2\/media\/301861"}],"wp:attachment":[{"href":"https:\/\/ami.mr\/fr\/wp-json\/wp\/v2\/media?parent=301860"}],"wp:term":[{"taxonomy":"category","embeddable":true,"href":"https:\/\/ami.mr\/fr\/wp-json\/wp\/v2\/categories?post=301860"},{"taxonomy":"post_tag","embeddable":true,"href":"https:\/\/ami.mr\/fr\/wp-json\/wp\/v2\/tags?post=301860"}],"curies":[{"name":"wp","href":"https:\/\/api.w.org\/{rel}","templated":true}]}}