{"id":301857,"date":"2026-09-05T20:43:08","date_gmt":"2026-09-05T20:43:08","guid":{"rendered":"https:\/\/ami.mr\/fr\/?p=301857"},"modified":"2026-09-05T20:43:08","modified_gmt":"2026-09-05T20:43:08","slug":"sur-orientation-du-president-de-la-republique-le-ministere-de-linterieur-suit-avec-une-grande-attention-lincident-de-leffondrement-dun-batiment-dans-la-ville-de-mal","status":"publish","type":"post","link":"https:\/\/ami.mr\/fr\/archives\/301857","title":{"rendered":"Sur orientation du Pr\u00e9sident de la R\u00e9publique &#8230; Le Minist\u00e8re de l&#8217;Int\u00e9rieur suit avec une grande attention l&#8217;incident de l&#8217;effondrement d&#8217;un b\u00e2timent dans la ville de Mal"},"content":{"rendered":"<p>Le Minist\u00e8re de l&#8217;Int\u00e9rieur, de la Promotion de la D\u00e9centralisation et du D\u00e9veloppement Local a d\u00e9clar\u00e9 que les autorit\u00e9s publiques suivent avec une grande attention l&#8217;\u00e9volution de l&#8217;incident de l&#8217;effondrement d&#8217;un b\u00e2timent dans la ville de Mal, dans la wilaya du Brakna, et les d\u00e9c\u00e8s et blessures qu&#8217;il a caus\u00e9s.<\/p>\n<p>Le minist\u00e8re a ajout\u00e9 dans un communiqu\u00e9 publi\u00e9 ce samedi, dont l&#8217;Agence Mauritanienne d&#8217;Information a re\u00e7u une copie, que, sous les hautes directives de Son Excellence le Pr\u00e9sident de la R\u00e9publique, Monsieur Mohamed Ould Cheikh El Ghazouani, un ensemble de mesures urgentes a \u00e9t\u00e9 pris pour faire face \u00e0 la situation, et mobiliser les moyens et les capacit\u00e9s afin de garantir la rapidit\u00e9 et l&#8217;efficacit\u00e9 des op\u00e9rations de sauvetage, de secours et de prise en charge des bless\u00e9s.<\/p>\n<p>Le minist\u00e8re a pr\u00e9cis\u00e9 que le Ministre de l&#8217;Int\u00e9rieur, de la Promotion de la D\u00e9centralisation et du D\u00e9veloppement Local suit avec une grande attention l&#8217;\u00e9volution de l&#8217;incident, et a donn\u00e9 ses instructions aux autorit\u00e9s comp\u00e9tentes et au wali du Brakna pour interrompre son cong\u00e9, ainsi qu&#8217;au D\u00e9l\u00e9gu\u00e9 G\u00e9n\u00e9ral \u00e0 la S\u00e9curit\u00e9 Civile et \u00e0 la Gestion des Crises pour coordonner les efforts de sauvetage et d&#8217;intervention sur le terrain.<\/p>\n<p>Voici le texte du communiqu\u00e9:<\/p>\n<p>&#8220;\u00c0 la suite de l&#8217;incident de l&#8217;effondrement d&#8217;un b\u00e2timent dans la ville de Mal, dans la wilaya du Brakna, ce samedi 5 septembre, et les d\u00e9c\u00e8s et blessures qu&#8217;il a entra\u00een\u00e9s, les autorit\u00e9s publiques suivent avec une grande attention l&#8217;\u00e9volution de l&#8217;incident et ses r\u00e9percussions, et, sous les hautes directives de Son Excellence le Pr\u00e9sident de la R\u00e9publique, Monsieur Mohamed Ould Cheikh El Ghazouani, un ensemble de mesures urgentes a \u00e9t\u00e9 pris pour faire face \u00e0 la situation.<\/p>\n<p>D\u00e8s la survenue de l&#8217;incident, Son Excellence le Pr\u00e9sident de la R\u00e9publique a donn\u00e9 ses instructions aux autorit\u00e9s concern\u00e9es pour prendre toutes les mesures n\u00e9cessaires, et mobiliser les moyens et les capacit\u00e9s, afin de garantir la rapidit\u00e9 et l&#8217;efficacit\u00e9 des op\u00e9rations de sauvetage, de secours et de prise en charge des bless\u00e9s.<\/p>\n<p>En ex\u00e9cution de ces directives, le Ministre de l&#8217;Int\u00e9rieur, de la Promotion de la D\u00e9centralisation et du D\u00e9veloppement Local, M. Mohamed Ahmed Ould Mohamed Lemine, suit avec une grande attention l&#8217;\u00e9volution de l&#8217;incident, et a donn\u00e9 ses instructions aux diff\u00e9rents services et autorit\u00e9s comp\u00e9tentes pour prendre les mesures n\u00e9cessaires et traiter l&#8217;incident avec le s\u00e9rieux et la rapidit\u00e9 qu&#8217;exige sa nature.<\/p>\n<p>Le Ministre a \u00e9galement ordonn\u00e9 au wali du Brakna d&#8217;interrompre son cong\u00e9 pour suivre la situation et superviser les diff\u00e9rentes interventions sur le terrain, et assurer la coordination entre les autorit\u00e9s administratives et les services concern\u00e9s.<\/p>\n<p>Dans le m\u00eame contexte, le Ministre a donn\u00e9 ses instructions au D\u00e9l\u00e9gu\u00e9 G\u00e9n\u00e9ral \u00e0 la S\u00e9curit\u00e9 Civile et \u00e0 la Gestion des Crises pour coordonner les efforts de sauvetage et d&#8217;intervention sur le terrain, et mobiliser les capacit\u00e9s et les \u00e9quipes n\u00e9cessaires, afin de garantir l&#8217;efficacit\u00e9 des op\u00e9rations de recherche, de sauvetage et de secours.<\/p>\n<p>Depuis les premiers instants de l&#8217;incident, les autorit\u00e9s administratives de la wilaya du Brakna ont commenc\u00e9 \u00e0 suivre la situation sur le terrain et \u00e0 examiner ses diff\u00e9rents d\u00e9tails et circonstances, en prenant les mesures n\u00e9cessaires, conform\u00e9ment aux directives re\u00e7ues pour traiter l&#8217;incident avec le plus haut degr\u00e9 de s\u00e9rieux et d&#8217;attention.<\/p>\n<p>Alors que les autorit\u00e9s comp\u00e9tentes poursuivent leurs efforts sur le terrain pour faire face aux cons\u00e9quences de l&#8217;incident, les autorit\u00e9s publiques affirment que la protection des vies et la s\u00e9curit\u00e9 des citoyens restent au premier rang de leurs priorit\u00e9s, et que tous les services concern\u00e9s demeurent en \u00e9tat de mobilisation et d&#8217;alerte pour g\u00e9rer la situation et apporter le soutien et la prise en charge n\u00e9cessaires aux sinistr\u00e9s, aux bless\u00e9s et aux familles des victimes.<\/p>\n<p>En cette douloureuse occasion, le Ministre de l&#8217;Int\u00e9rieur, de la Promotion de la D\u00e9centralisation et du D\u00e9veloppement Local pr\u00e9sente ses sinc\u00e8res condol\u00e9ances et sa profonde sympathie aux familles et aux proches des victimes, ainsi qu&#8217;aux habitants de la ville de Mal et \u00e0 l&#8217;ensemble des habitants de la wilaya du Brakna, priant le Tout-Puissant d&#8217;accorder aux victimes Sa vaste mis\u00e9ricorde, de les accueillir dans Son vaste paradis, d&#8217;inspirer \u00e0 leurs proches patience et consolation, et d&#8217;accorder aux bless\u00e9s un prompt r\u00e9tablissement.<\/p>\n<p>Nous appartenons \u00e0 Dieu et c&#8217;est \u00e0 Lui que nous retournons&#8221;.<\/p>\n","protected":false},"excerpt":{"rendered":"<p>Le Minist\u00e8re de l&#8217;Int\u00e9rieur, de la Promotion de la D\u00e9centralisation et du D\u00e9veloppement Local a d\u00e9clar\u00e9 que les autorit\u00e9s publiques suivent avec une grande attention l&#8217;\u00e9volution de l&#8217;incident de l&#8217;effondrement d&#8217;un b\u00e2timent dans la ville de Mal, dans la wilaya du Brakna, et les d\u00e9c\u00e8s et blessures qu&#8217;il a caus\u00e9s. Le minist\u00e8re a ajout\u00e9 dans [&hellip;]<\/p>\n","protected":false},"author":18,"featured_media":301858,"comment_status":"open","ping_status":"open","sticky":false,"template":"","format":"standard","meta":{"footnotes":""},"categories":[63920,63957,63959],"tags":[],"class_list":["post-301857","post","type-post","status-publish","format-standard","has-post-thumbnail","hentry","category-a-la-une","category-fil-dactualite","category-mauritanie"],"_links":{"self":[{"href":"https:\/\/ami.mr\/fr\/wp-json\/wp\/v2\/posts\/301857","targetHints":{"allow":["GET"]}}],"collection":[{"href":"https:\/\/ami.mr\/fr\/wp-json\/wp\/v2\/posts"}],"about":[{"href":"https:\/\/ami.mr\/fr\/wp-json\/wp\/v2\/types\/post"}],"author":[{"embeddable":true,"href":"https:\/\/ami.mr\/fr\/wp-json\/wp\/v2\/users\/18"}],"replies":[{"embeddable":true,"href":"https:\/\/ami.mr\/fr\/wp-json\/wp\/v2\/comments?post=301857"}],"version-history":[{"count":1,"href":"https:\/\/ami.mr\/fr\/wp-json\/wp\/v2\/posts\/301857\/revisions"}],"predecessor-version":[{"id":301859,"href":"https:\/\/ami.mr\/fr\/wp-json\/wp\/v2\/posts\/301857\/revisions\/301859"}],"wp:featuredmedia":[{"embeddable":true,"href":"https:\/\/ami.mr\/fr\/wp-json\/wp\/v2\/media\/301858"}],"wp:attachment":[{"href":"https:\/\/ami.mr\/fr\/wp-json\/wp\/v2\/media?parent=301857"}],"wp:term":[{"taxonomy":"category","embeddable":true,"href":"https:\/\/ami.mr\/fr\/wp-json\/wp\/v2\/categories?post=301857"},{"taxonomy":"post_tag","embeddable":true,"href":"https:\/\/ami.mr\/fr\/wp-json\/wp\/v2\/tags?post=301857"}],"curies":[{"name":"wp","href":"https:\/\/api.w.org\/{rel}","templated":true}]}}