{"id":301854,"date":"2026-09-05T19:58:19","date_gmt":"2026-09-05T19:58:19","guid":{"rendered":"https:\/\/ami.mr\/fr\/?p=301854"},"modified":"2026-09-05T19:58:19","modified_gmt":"2026-09-05T19:58:19","slug":"djewel-organisation-dune-caravane-de-sante-au-profit-des-villages-de-la-commune","status":"publish","type":"post","link":"https:\/\/ami.mr\/fr\/archives\/301854","title":{"rendered":"Djewel: Organisation d&#8217;une caravane de sant\u00e9 au profit des villages de la commune"},"content":{"rendered":"<p>Le wali du Gorgol, M. Mohamed El Moctar Ould Abdi, a supervis\u00e9, ce samedi dans le village de Tintane relevant de la commune de Djewel, le lancement d&#8217;une caravane de sant\u00e9 organis\u00e9e par l&#8217;association des jeunes de ce village en collaboration avec l&#8217;organisation &#8220;Tintane Koukoli&#8221;.<\/p>\n<p>Le maire de la commune de Djewel, M. Ly Oumar Abdoulaye, a soulign\u00e9, dans une allocution pour la circonstance, que la caravane rev\u00eat une importance majeure par les services de sant\u00e9 qu&#8217;elle fournira au profit de centaines de familles et d&#8217;individus, particuli\u00e8rement les groupes vuln\u00e9rables et dans diverses sp\u00e9cialit\u00e9s m\u00e9dicales, contribuant ainsi \u00e0 rapprocher les services de sant\u00e9 des citoyens et \u00e0 all\u00e9ger leurs souffrances.<\/p>\n<p>Il a salu\u00e9 ce qui a \u00e9t\u00e9 r\u00e9alis\u00e9 et ce qui est en cours de r\u00e9alisation comme projets de d\u00e9veloppement au niveau de la commune dans le cadre du programme d&#8217;urgence de d\u00e9veloppement local, notamment dans les domaines de la sant\u00e9 et de l&#8217;\u00e9ducation, valorisant les r\u00e9alisations en cours d&#8217;ex\u00e9cution dans le cadre du programme de Son Excellence le Pr\u00e9sident de la R\u00e9publique, Monsieur Mohamed Ould Cheikh El Ghazouani &#8220;Mon ambition pour la patrie&#8221;.<\/p>\n<p>De son c\u00f4t\u00e9, le directeur r\u00e9gional de la sant\u00e9 dans la wilaya du Gorgol, Monsieur Mohamed El Moctar Ould Hamed, a affirm\u00e9 que le secteur de la sant\u00e9 poursuit ses efforts pour rapprocher les services de sant\u00e9 des citoyens et \u00e9largir le champ des interventions m\u00e9dicales dans les zones recul\u00e9es de la wilaya.<\/p>\n<p>Le pr\u00e9sident de l&#8217;association &#8220;Tintane Koukoli&#8221;, M. Oumar Barry, et le chef du village de Tintane, M. Abdoulaye Barry, ont tous deux salu\u00e9 les efforts d\u00e9ploy\u00e9s par les autorit\u00e9s publiques du pays, notant que cette caravane contribuera de mani\u00e8re significative \u00e0 rapprocher les services m\u00e9dicaux des citoyens.<\/p>\n<p>Le lancement de la caravane s&#8217;est d\u00e9roul\u00e9 en pr\u00e9sence du maire adjoint de la commune de Ka\u00e9di, M. Abou Ciss\u00e9, et des autorit\u00e9s administratives et de s\u00e9curit\u00e9 de la wilaya.<\/p>\n","protected":false},"excerpt":{"rendered":"<p>Le wali du Gorgol, M. Mohamed El Moctar Ould Abdi, a supervis\u00e9, ce samedi dans le village de Tintane relevant de la commune de Djewel, le lancement d&#8217;une caravane de sant\u00e9 organis\u00e9e par l&#8217;association des jeunes de ce village en collaboration avec l&#8217;organisation &#8220;Tintane Koukoli&#8221;. Le maire de la commune de Djewel, M. Ly Oumar [&hellip;]<\/p>\n","protected":false},"author":18,"featured_media":301855,"comment_status":"open","ping_status":"open","sticky":false,"template":"","format":"standard","meta":{"footnotes":""},"categories":[63918,63957,8672],"tags":[],"class_list":["post-301854","post","type-post","status-publish","format-standard","has-post-thumbnail","hentry","category-autres","category-fil-dactualite","category-8672"],"_links":{"self":[{"href":"https:\/\/ami.mr\/fr\/wp-json\/wp\/v2\/posts\/301854","targetHints":{"allow":["GET"]}}],"collection":[{"href":"https:\/\/ami.mr\/fr\/wp-json\/wp\/v2\/posts"}],"about":[{"href":"https:\/\/ami.mr\/fr\/wp-json\/wp\/v2\/types\/post"}],"author":[{"embeddable":true,"href":"https:\/\/ami.mr\/fr\/wp-json\/wp\/v2\/users\/18"}],"replies":[{"embeddable":true,"href":"https:\/\/ami.mr\/fr\/wp-json\/wp\/v2\/comments?post=301854"}],"version-history":[{"count":1,"href":"https:\/\/ami.mr\/fr\/wp-json\/wp\/v2\/posts\/301854\/revisions"}],"predecessor-version":[{"id":301856,"href":"https:\/\/ami.mr\/fr\/wp-json\/wp\/v2\/posts\/301854\/revisions\/301856"}],"wp:featuredmedia":[{"embeddable":true,"href":"https:\/\/ami.mr\/fr\/wp-json\/wp\/v2\/media\/301855"}],"wp:attachment":[{"href":"https:\/\/ami.mr\/fr\/wp-json\/wp\/v2\/media?parent=301854"}],"wp:term":[{"taxonomy":"category","embeddable":true,"href":"https:\/\/ami.mr\/fr\/wp-json\/wp\/v2\/categories?post=301854"},{"taxonomy":"post_tag","embeddable":true,"href":"https:\/\/ami.mr\/fr\/wp-json\/wp\/v2\/tags?post=301854"}],"curies":[{"name":"wp","href":"https:\/\/api.w.org\/{rel}","templated":true}]}}