{"id":301851,"date":"2026-09-05T19:26:05","date_gmt":"2026-09-05T19:26:05","guid":{"rendered":"https:\/\/ami.mr\/fr\/?p=301851"},"modified":"2026-09-05T19:26:05","modified_gmt":"2026-09-05T19:26:05","slug":"le-wali-de-lassaba-preside-la-reunion-du-comite-regional-de-la-securite-alimentaire-et-nutritionnelle","status":"publish","type":"post","link":"https:\/\/ami.mr\/fr\/archives\/301851","title":{"rendered":"Le Wali de l&#8217;Assaba pr\u00e9side la r\u00e9union du Comit\u00e9 r\u00e9gional de la s\u00e9curit\u00e9 alimentaire et nutritionnelle"},"content":{"rendered":"<p>Le Wali de l&#8217;Assaba, M. Ahmedou Adahi Khteira, a pr\u00e9sid\u00e9 ce samedi \u00e0 Kiffa, une r\u00e9union du Comit\u00e9 r\u00e9gional de la s\u00e9curit\u00e9 alimentaire et nutritionnelle, consacr\u00e9e au suivi de la campagne agropastorale pour la saison 2026, et \u00e0 l&#8217;\u00e9valuation des diff\u00e9rents indicateurs li\u00e9s \u00e0 la s\u00e9curit\u00e9 alimentaire et nutritionnelle au niveau de la wilaya.<\/p>\n<p>La r\u00e9union a pass\u00e9 en revue les donn\u00e9es relatives aux pr\u00e9cipitations et \u00e0 leurs quantit\u00e9s cumul\u00e9es enregistr\u00e9es, ainsi que les situations agricole et pastorale, l&#8217;\u00e9tat des march\u00e9s en termes de disponibilit\u00e9 des denr\u00e9es alimentaires et de niveaux de prix, en plus de la situation nutritionnelle dans les centres de sant\u00e9, le niveau de vuln\u00e9rabilit\u00e9, et l&#8217;\u00e9tat d&#8217;avancement de la r\u00e9ponse \u00e0 la p\u00e9riode de soudure, selon les sp\u00e9cificit\u00e9s de chaque moughataa.<\/p>\n<p>Le Wali de l&#8217;Assaba a pr\u00e9cis\u00e9, dans une d\u00e9claration \u00e0 l&#8217;Agence Mauritanienne d&#8217;Information, que cette r\u00e9union s&#8217;inscrit dans le cadre du r\u00f4le jou\u00e9 par le Comit\u00e9 r\u00e9gional dans le suivi et l&#8217;\u00e9valuation des programmes et activit\u00e9s li\u00e9s \u00e0 la s\u00e9curit\u00e9 alimentaire et nutritionnelle, \u00e0 travers l&#8217;implication des diff\u00e9rents secteurs concern\u00e9s par les situations pluviale, agricole, pastorale, sanitaire et sociale.<\/p>\n<p>Il a ajout\u00e9 que ce suivi permet d&#8217;\u00e9laborer un bilan global sur les pr\u00e9cipitations, les programmes alimentaires, les interventions sociales et les campagnes de sant\u00e9, y compris les campagnes de vaccination et les centres de nutrition infantile, soulignant que les donn\u00e9es collect\u00e9es aident \u00e0 d\u00e9terminer le niveau de r\u00e9alisation, \u00e0 identifier les lacunes, et \u00e0 transmettre une image pr\u00e9cise aux comit\u00e9s nationaux comp\u00e9tents afin de prendre les mesures appropri\u00e9es en temps opportun.<\/p>\n<p>Il a soulign\u00e9 que l&#8217;\u00e9valuation des programmes se fait \u00e9galement via la plateforme mise en place par le Commissariat \u00e0 la S\u00e9curit\u00e9 Alimentaire, qui permet de suivre le niveau d&#8217;ex\u00e9cution des diff\u00e9rents programmes et de d\u00e9tecter les cas de progression ou de retard, renfor\u00e7ant ainsi l&#8217;efficacit\u00e9 des interventions et garantissant leur orientation selon les besoins r\u00e9els.<\/p>\n<p>La r\u00e9union s&#8217;est d\u00e9roul\u00e9e en pr\u00e9sence du conseiller du Wali charg\u00e9 des affaires politiques et sociales, du Hakem de la moughataa de Kiffa, et du d\u00e9l\u00e9gu\u00e9 r\u00e9gional du Commissariat \u00e0 la S\u00e9curit\u00e9 Alimentaire, aux c\u00f4t\u00e9s des chefs de services r\u00e9gionaux membres du Comit\u00e9 r\u00e9gional de la s\u00e9curit\u00e9 alimentaire et nutritionnelle.<\/p>\n","protected":false},"excerpt":{"rendered":"<p>Le Wali de l&#8217;Assaba, M. Ahmedou Adahi Khteira, a pr\u00e9sid\u00e9 ce samedi \u00e0 Kiffa, une r\u00e9union du Comit\u00e9 r\u00e9gional de la s\u00e9curit\u00e9 alimentaire et nutritionnelle, consacr\u00e9e au suivi de la campagne agropastorale pour la saison 2026, et \u00e0 l&#8217;\u00e9valuation des diff\u00e9rents indicateurs li\u00e9s \u00e0 la s\u00e9curit\u00e9 alimentaire et nutritionnelle au niveau de la wilaya. La [&hellip;]<\/p>\n","protected":false},"author":18,"featured_media":301852,"comment_status":"open","ping_status":"open","sticky":false,"template":"","format":"standard","meta":{"footnotes":""},"categories":[63918,63957,8672],"tags":[],"class_list":["post-301851","post","type-post","status-publish","format-standard","has-post-thumbnail","hentry","category-autres","category-fil-dactualite","category-8672"],"_links":{"self":[{"href":"https:\/\/ami.mr\/fr\/wp-json\/wp\/v2\/posts\/301851","targetHints":{"allow":["GET"]}}],"collection":[{"href":"https:\/\/ami.mr\/fr\/wp-json\/wp\/v2\/posts"}],"about":[{"href":"https:\/\/ami.mr\/fr\/wp-json\/wp\/v2\/types\/post"}],"author":[{"embeddable":true,"href":"https:\/\/ami.mr\/fr\/wp-json\/wp\/v2\/users\/18"}],"replies":[{"embeddable":true,"href":"https:\/\/ami.mr\/fr\/wp-json\/wp\/v2\/comments?post=301851"}],"version-history":[{"count":1,"href":"https:\/\/ami.mr\/fr\/wp-json\/wp\/v2\/posts\/301851\/revisions"}],"predecessor-version":[{"id":301853,"href":"https:\/\/ami.mr\/fr\/wp-json\/wp\/v2\/posts\/301851\/revisions\/301853"}],"wp:featuredmedia":[{"embeddable":true,"href":"https:\/\/ami.mr\/fr\/wp-json\/wp\/v2\/media\/301852"}],"wp:attachment":[{"href":"https:\/\/ami.mr\/fr\/wp-json\/wp\/v2\/media?parent=301851"}],"wp:term":[{"taxonomy":"category","embeddable":true,"href":"https:\/\/ami.mr\/fr\/wp-json\/wp\/v2\/categories?post=301851"},{"taxonomy":"post_tag","embeddable":true,"href":"https:\/\/ami.mr\/fr\/wp-json\/wp\/v2\/tags?post=301851"}],"curies":[{"name":"wp","href":"https:\/\/api.w.org\/{rel}","templated":true}]}}