{"id":301847,"date":"2026-09-05T18:53:47","date_gmt":"2026-09-05T18:53:47","guid":{"rendered":"https:\/\/ami.mr\/fr\/?p=301847"},"modified":"2026-09-05T21:49:13","modified_gmt":"2026-09-05T21:49:13","slug":"le-president-de-la-republique-recoit-le-secretaire-general-de-lorganisation-de-la-cooperation-islamique-3","status":"publish","type":"post","link":"https:\/\/ami.mr\/fr\/archives\/301847","title":{"rendered":"Le Pr\u00e9sident de la R\u00e9publique re\u00e7oit le secr\u00e9taire g\u00e9n\u00e9ral de l&#8217;Organisation de la Coop\u00e9ration Islamique"},"content":{"rendered":"<p>Le Pr\u00e9sident de la R\u00e9publique, Son Excellence Monsieur Mohamed Ould Cheikh El Ghazouani, a re\u00e7u en audience, samedi dans les environs de la ville de Kiffa o\u00f9 il passe ses vacances annuelles le secr\u00e9taire g\u00e9n\u00e9ral de l&#8217;Organisation de la Coop\u00e9ration Islamique, M. Ismail Ould Cheikh Ahmed.<\/p>\n<p>Au cours de l&#8217;audience, le secr\u00e9taire g\u00e9n\u00e9ral a exprim\u00e9 sa consid\u00e9ration au Pr\u00e9sident de la R\u00e9publique pour avoir pr\u00e9sent\u00e9 sa candidature \u00e0 ce poste et pour les efforts qu&#8217;il a d\u00e9ploy\u00e9s pour son \u00e9lection par consensus.<\/p>\n<p>Il a \u00e9galement pr\u00e9sent\u00e9 au Pr\u00e9sident de la R\u00e9publique deux boucliers, le premier au nom de la vie du proph\u00e8te et le second au nom de l&#8217;Organisation de la Coop\u00e9ration Islamique. A son tour, le Pr\u00e9sident de la R\u00e9publique a f\u00e9licit\u00e9 le secr\u00e9taire g\u00e9n\u00e9ral, lui souhaitant un succ\u00e8s continu dans ses missions.<\/p>\n<p>Apr\u00e8s l&#8217;entretien, le Secr\u00e9taire G\u00e9n\u00e9ral a fait la d\u00e9claration suivante:<\/p>\n<p>&#8220;Au nom d&#8217;Allah, le Cl\u00e9ment, le Mis\u00e9ricordieux, que la pri\u00e8re et la paix soient sur son noble proph\u00e8te, sa famille et ses compagnons.<\/p>\n<p>J&#8217;ai eu l&#8217;honneur aujourd&#8217;hui de rencontrer Son Excellence le Pr\u00e9sident de la R\u00e9publique Islamique de Mauritanie, Monsieur Mohamed Ould Cheikh El Ghazouani. Cette rencontre a \u00e9t\u00e9 l&#8217;occasion d&#8217;exprimer \u00e0 Son Excellence ma profonde gratitude et mon appr\u00e9ciation pour la confiance qu&#8217;il m&#8217;a t\u00e9moign\u00e9e en me proposant pour le poste de Secr\u00e9taire G\u00e9n\u00e9ral de l&#8217;Organisation de la Coop\u00e9ration Islamique, ainsi que pour le soutien, les orientations et la mobilisation du syst\u00e8me diplomatique national qu&#8217;il a fournis afin que cette candidature soit couronn\u00e9e de succ\u00e8s et b\u00e9n\u00e9ficie de l&#8217;unanimit\u00e9 des \u00c9tats membres.<\/p>\n<p>J&#8217;ai inform\u00e9 Son Excellence des grandes lignes de la vision strat\u00e9gique que j&#8217;ai \u00e9labor\u00e9e pour promouvoir l&#8217;organisation, ainsi que des priorit\u00e9s pour la p\u00e9riode \u00e0 venir, notamment le d\u00e9veloppement du travail institutionnel, l&#8217;am\u00e9lioration des performances et le renforcement de la pr\u00e9sence et de l&#8217;efficacit\u00e9 de l&#8217;organisation.<\/p>\n<p>J&#8217;ai \u00e9cout\u00e9 avec attention les orientations de Son Excellence et sa vision concernant le renforcement de la solidarit\u00e9 islamique, l&#8217;am\u00e9lioration des performances de l&#8217;organisation et l&#8217;activation de son r\u00f4le face aux d\u00e9fis communs.<\/p>\n<p>Je suis conscient de l&#8217;importance de cette \u00e9lection pour Son Excellence le Pr\u00e9sident de la R\u00e9publique, et pour le peuple mauritanien en g\u00e9n\u00e9ral, d&#8217;apr\u00e8s ce que j&#8217;ai ressenti \u00e0 travers les messages de f\u00e9licitations et de soutien que j&#8217;ai re\u00e7us.<\/p>\n<p>J&#8217;ai r\u00e9it\u00e9r\u00e9 \u00e0 Son Excellence le Pr\u00e9sident ma d\u00e9termination \u00e0 \u00eatre \u00e0 la hauteur de sa confiance, et \u00e0 assumer cette responsabilit\u00e9 avec sinc\u00e9rit\u00e9 et responsabilit\u00e9 au service de l&#8217;organisation, des int\u00e9r\u00eats de ses \u00c9tats et des aspirations de ses peuples.<\/p>\n<p>J&#8217;ai eu, \u00e0 cette occasion, l&#8217;honneur de remettre le bouclier d&#8217;honneur \u00e0 Son Excellence le Pr\u00e9sident de la R\u00e9publique au nom de l&#8217;Organisation de la Coop\u00e9ration Islamique, en hommage aux politiques et initiatives lanc\u00e9es par Son Excellence dans les domaines humanitaire et social, et pour le renforcement de la solidarit\u00e9 et de l&#8217;entraide, ainsi que l&#8217;\u00e9largissement de l&#8217;acc\u00e8s \u00e0 la protection sanitaire et sociale.<\/p>\n<p>Ces derni\u00e8res ann\u00e9es, le programme de Son Excellence le Pr\u00e9sident de la R\u00e9publique relatif \u00e0 la cr\u00e9ation de la d\u00e9l\u00e9gation (Taazour) et \u00e0 la g\u00e9n\u00e9ralisation de la protection sanitaire \u00e0 tous les citoyens, en particulier les groupes vuln\u00e9rables, a b\u00e9n\u00e9fici\u00e9 d&#8217;une attention particuli\u00e8re dans les couloirs de l&#8217;Organisation de la Coop\u00e9ration Islamique et aupr\u00e8s des \u00c9tats membres. C&#8217;est une chance que celui qui pr\u00e9sente cet hommage au nom de l&#8217;organisation soit l&#8217;un des fils de ce pays islamique ancestral et fier de son h\u00e9ritage islamique reconnu.<\/p>\n<p>Comme vous le savez, il s&#8217;agit de ma premi\u00e8re visite officielle depuis mon \u00e9lection comme Secr\u00e9taire G\u00e9n\u00e9ral il y a quelques jours. Que la rencontre se d\u00e9roule dans les environs de la Badia en Assaba, et que Son Excellence le Pr\u00e9sident nous re\u00e7oive pendant sa p\u00e9riode de cong\u00e9 annuel, augmente la valeur de l&#8217;\u00e9v\u00e9nement et t\u00e9moigne de l&#8217;attention que Son Excellence le Pr\u00e9sident Monsieur Mohamed Ould Cheikh El Ghazouani accorde \u00e0 cette organisation et \u00e0 l&#8217;action arabe commune.<\/p>\n<p>Je vous remercie, et que la paix soit sur vous ainsi que la mis\u00e9ricorde d&#8217;Allah.&#8221;<\/p>\n<p>L\u2019audience s\u2019est d\u00e9roul\u00e9e en pr\u00e9sence du ministre des Affaires \u00e9trang\u00e8res, de la coop\u00e9ration africaine et des Mauritanien de l\u2019Ext\u00e9rieur, M. Mohamed Salem Ould Merzoug.<\/p>\n","protected":false},"excerpt":{"rendered":"<p>Le Pr\u00e9sident de la R\u00e9publique, Son Excellence Monsieur Mohamed Ould Cheikh El Ghazouani, a re\u00e7u en audience, samedi dans les environs de la ville de Kiffa o\u00f9 il passe ses vacances annuelles le secr\u00e9taire g\u00e9n\u00e9ral de l&#8217;Organisation de la Coop\u00e9ration Islamique, M. Ismail Ould Cheikh Ahmed. Au cours de l&#8217;audience, le secr\u00e9taire g\u00e9n\u00e9ral a exprim\u00e9 [&hellip;]<\/p>\n","protected":false},"author":18,"featured_media":301848,"comment_status":"open","ping_status":"open","sticky":false,"template":"","format":"standard","meta":{"footnotes":""},"categories":[63957,63921,63923,8672],"tags":[],"class_list":["post-301847","post","type-post","status-publish","format-standard","has-post-thumbnail","hentry","category-fil-dactualite","category-slider-afficher","category-slider-wilayas","category-8672"],"_links":{"self":[{"href":"https:\/\/ami.mr\/fr\/wp-json\/wp\/v2\/posts\/301847","targetHints":{"allow":["GET"]}}],"collection":[{"href":"https:\/\/ami.mr\/fr\/wp-json\/wp\/v2\/posts"}],"about":[{"href":"https:\/\/ami.mr\/fr\/wp-json\/wp\/v2\/types\/post"}],"author":[{"embeddable":true,"href":"https:\/\/ami.mr\/fr\/wp-json\/wp\/v2\/users\/18"}],"replies":[{"embeddable":true,"href":"https:\/\/ami.mr\/fr\/wp-json\/wp\/v2\/comments?post=301847"}],"version-history":[{"count":3,"href":"https:\/\/ami.mr\/fr\/wp-json\/wp\/v2\/posts\/301847\/revisions"}],"predecessor-version":[{"id":301863,"href":"https:\/\/ami.mr\/fr\/wp-json\/wp\/v2\/posts\/301847\/revisions\/301863"}],"wp:featuredmedia":[{"embeddable":true,"href":"https:\/\/ami.mr\/fr\/wp-json\/wp\/v2\/media\/301848"}],"wp:attachment":[{"href":"https:\/\/ami.mr\/fr\/wp-json\/wp\/v2\/media?parent=301847"}],"wp:term":[{"taxonomy":"category","embeddable":true,"href":"https:\/\/ami.mr\/fr\/wp-json\/wp\/v2\/categories?post=301847"},{"taxonomy":"post_tag","embeddable":true,"href":"https:\/\/ami.mr\/fr\/wp-json\/wp\/v2\/tags?post=301847"}],"curies":[{"name":"wp","href":"https:\/\/api.w.org\/{rel}","templated":true}]}}