{"id":301840,"date":"2026-09-05T10:35:08","date_gmt":"2026-09-05T10:35:08","guid":{"rendered":"https:\/\/ami.mr\/fr\/?p=301840"},"modified":"2026-09-05T10:35:08","modified_gmt":"2026-09-05T10:35:08","slug":"lancement-de-la-sixieme-edition-des-journees-culturelles-et-artistiques-de-nouadhibou","status":"publish","type":"post","link":"https:\/\/ami.mr\/fr\/archives\/301840","title":{"rendered":"Lancement de la sixi\u00e8me \u00e9dition des Journ\u00e9es culturelles et artistiques de Nouadhibou"},"content":{"rendered":"<p>La sixi\u00e8me \u00e9dition des Journ\u00e9es culturelles et artistiques de Nouadhibou a d\u00e9but\u00e9, vendredi soir, \u00e0 Nouadhibou.<\/p>\n<p>Cette \u00e9dition r\u00e9unit 67 associations, coop\u00e9ratives et \u00e9coles islamiques traditionnelles (Mahadras), repr\u00e9sentant un large \u00e9ventail d\u2019expressions cr\u00e9atives, allant de la po\u00e9sie \u00e0 la musique et au th\u00e9\u00e2tre. Au total, 157 spectacles sont programm\u00e9s sur trois jours.<\/p>\n<p>Cet \u00e9v\u00e9nement s\u2019inscrit dans le cadre des efforts d\u00e9ploy\u00e9s par la commune de Nouadhibou pour enrichir le paysage culturel et artistique de la ville, encourager les talents locaux et cr\u00e9er un espace d\u2019interaction et d\u2019\u00e9change entre les diff\u00e9rents acteurs.<\/p>\n<p>Dans son discours d\u2019ouverture, le maire de Nouadhibou, M. El-Ghassem Ould Bellali, a soulign\u00e9 que l\u2019organisation de ces Journ\u00e9es culturelles et artistiques s\u2019inscrit dans le cadre des directives visant \u00e0 soutenir le tourisme int\u00e9rieur.<\/p>\n<p>Il a indiqu\u00e9 que cet \u00e9v\u00e9nement offre une plateforme importante pour d\u00e9couvrir et mettre en valeur les jeunes talents, leur ouvrant de nouveaux horizons et leur offrant davantage d\u2019opportunit\u00e9s de participer \u00e0 la vie culturelle et artistique.<\/p>\n<p>Pour sa part, le directeur de la Culture de la commune de Nouadhibou, M. Yahya Ould Dedde a soulign\u00e9 que ces Journ\u00e9es culturelles et artistiques constituent une occasion de mettre en valeur les talents et la cr\u00e9ativit\u00e9 qui foisonnent dans cette ville c\u00f4ti\u00e8re.<\/p>\n<p>Il a indiqu\u00e9 que la culture constitue la m\u00e9moire des nations, tandis que l\u2019art repr\u00e9sente leur langage, \u00e0 travers lequel elles expriment leur histoire, leurs valeurs et leur identit\u00e9.<\/p>\n<p>La c\u00e9r\u00e9monie de lancement de cette \u00e9dition s\u2019est d\u00e9roul\u00e9e en pr\u00e9sence du conseiller du wali charg\u00e9 des affaires politiques et sociales, du hakem adjoint de la moughataa de Nouadhibou, du d\u00e9l\u00e9gu\u00e9 r\u00e9gional du minist\u00e8re de la Culture et du directeur adjoint du Port autonome de Nouadhibou, ainsi que de plusieurs membres du conseil communal et de nombreuses personnalit\u00e9s du monde culturel et artistique.<\/p>\n","protected":false},"excerpt":{"rendered":"<p>La sixi\u00e8me \u00e9dition des Journ\u00e9es culturelles et artistiques de Nouadhibou a d\u00e9but\u00e9, vendredi soir, \u00e0 Nouadhibou. Cette \u00e9dition r\u00e9unit 67 associations, coop\u00e9ratives et \u00e9coles islamiques traditionnelles (Mahadras), repr\u00e9sentant un large \u00e9ventail d\u2019expressions cr\u00e9atives, allant de la po\u00e9sie \u00e0 la musique et au th\u00e9\u00e2tre. Au total, 157 spectacles sont programm\u00e9s sur trois jours. Cet \u00e9v\u00e9nement s\u2019inscrit [&hellip;]<\/p>\n","protected":false},"author":17,"featured_media":301841,"comment_status":"open","ping_status":"open","sticky":false,"template":"","format":"standard","meta":{"footnotes":""},"categories":[63918,63957,8672],"tags":[],"class_list":["post-301840","post","type-post","status-publish","format-standard","has-post-thumbnail","hentry","category-autres","category-fil-dactualite","category-8672"],"_links":{"self":[{"href":"https:\/\/ami.mr\/fr\/wp-json\/wp\/v2\/posts\/301840","targetHints":{"allow":["GET"]}}],"collection":[{"href":"https:\/\/ami.mr\/fr\/wp-json\/wp\/v2\/posts"}],"about":[{"href":"https:\/\/ami.mr\/fr\/wp-json\/wp\/v2\/types\/post"}],"author":[{"embeddable":true,"href":"https:\/\/ami.mr\/fr\/wp-json\/wp\/v2\/users\/17"}],"replies":[{"embeddable":true,"href":"https:\/\/ami.mr\/fr\/wp-json\/wp\/v2\/comments?post=301840"}],"version-history":[{"count":1,"href":"https:\/\/ami.mr\/fr\/wp-json\/wp\/v2\/posts\/301840\/revisions"}],"predecessor-version":[{"id":301842,"href":"https:\/\/ami.mr\/fr\/wp-json\/wp\/v2\/posts\/301840\/revisions\/301842"}],"wp:featuredmedia":[{"embeddable":true,"href":"https:\/\/ami.mr\/fr\/wp-json\/wp\/v2\/media\/301841"}],"wp:attachment":[{"href":"https:\/\/ami.mr\/fr\/wp-json\/wp\/v2\/media?parent=301840"}],"wp:term":[{"taxonomy":"category","embeddable":true,"href":"https:\/\/ami.mr\/fr\/wp-json\/wp\/v2\/categories?post=301840"},{"taxonomy":"post_tag","embeddable":true,"href":"https:\/\/ami.mr\/fr\/wp-json\/wp\/v2\/tags?post=301840"}],"curies":[{"name":"wp","href":"https:\/\/api.w.org\/{rel}","templated":true}]}}