{"id":301833,"date":"2026-09-04T20:37:10","date_gmt":"2026-09-04T20:37:10","guid":{"rendered":"https:\/\/ami.mr\/fr\/?p=301833"},"modified":"2026-09-05T13:00:43","modified_gmt":"2026-09-05T13:00:43","slug":"adrar-la-commission-regionale-de-leau-se-penche-sur-la-situation-des-ressources-en-eau-dans-la-wilaya","status":"publish","type":"post","link":"https:\/\/ami.mr\/fr\/archives\/301833","title":{"rendered":"Adrar : la Commission r\u00e9gionale de l\u2019hydraulique se penche sur la situation des ressources en eau dans la wilaya"},"content":{"rendered":"<div class=\"cell auto-size bd-gray\" dir=\"ltr\">\n<p>La salle de r\u00e9union du si\u00e8ge de la R\u00e9gion de l\u2019Adrar a abrit\u00e9, vendredi apr\u00e8s-midi, la premi\u00e8re r\u00e9union de la Commission r\u00e9gionale de l\u2019hydraulique, consacr\u00e9e \u00e0 l\u2019examen de la situation des ressources hydriques dans la wilaya et \u00e0 l\u2019\u00e9tude des moyens d\u2019en assurer une gestion rationnelle et durable.<\/p>\n<p>Le wali adjoint de l\u2019Adrar, M. Boubacar Ould Mohamed, a indiqu\u00e9 que cette r\u00e9union s\u2019inscrit dans le cadre de la mise en \u0153uvre des hautes orientations de Son Excellence le Pr\u00e9sident de la R\u00e9publique, M. Mohamed Ould Cheikh El Ghazouani, visant \u00e0 rationaliser l\u2019exploitation des ressources en eau et \u00e0 renforcer leur disponibilit\u00e9 afin d\u2019en garantir la durabilit\u00e9 et de r\u00e9pondre aux besoins des populations.<\/p>\n<p>Il a pr\u00e9cis\u00e9 que ces efforts s\u2019inscrivent \u00e9galement dans le cadre du partenariat entre la R\u00e9gion de l\u2019Adrar et l\u2019ONG \u00ab Coura\u00efl \u00bb pour le d\u00e9veloppement, visant \u00e0 pr\u00e9server les ressources en eau, \u00e0 renforcer leur durabilit\u00e9 et \u00e0 soutenir les efforts de d\u00e9veloppement dans la wilaya.<\/p>\n<p>Pour sa part, le pr\u00e9sident de la R\u00e9gion de l\u2019Adrar, M. Mohamed Ould Cherif Ould Abdallahi, a expliqu\u00e9 que cette rencontre constitue la premi\u00e8re r\u00e9union des membres de la Commission r\u00e9gionale de l\u2019Hydraulique. Elle vise notamment \u00e0 pr\u00e9senter les r\u00e9sultats d\u2019une \u00e9tude technique r\u00e9alis\u00e9e par des experts sp\u00e9cialis\u00e9s apr\u00e8s trois mois de travail de terrain, consacr\u00e9 au diagnostic de la situation des ressources hydriques dans la wilaya.<\/p>\n<p>Il a estim\u00e9 que les r\u00e9sultats de cette \u00e9tude constituent une base importante pour am\u00e9liorer les conditions de vie des populations, notamment \u00e0 travers un meilleur approvisionnement en eau et une utilisation plus rationnelle de cette ressource, dans une perspective de gestion durable.<\/p>\n<p>Il a exprim\u00e9 l\u2019espoir que les travaux de la commission aboutissent \u00e0 des r\u00e9sultats concluants et que ses recommandations contribuent \u00e0 relever les d\u00e9fis li\u00e9s \u00e0 l\u2019eau dans la wilaya.<\/p>\n<p>De son c\u00f4t\u00e9, la responsable de l\u2019\u00e9tude, Mme Fabienne Auguste, a indiqu\u00e9 que celle-ci vise \u00e0 \u00e9tablir un diagnostic de l\u2019\u00e9tat des ressources hydriques dans la wilaya, \u00e0 travers une campagne de terrain couvrant cinq secteurs principaux de la zone cibl\u00e9e.<\/p>\n<p>Elle a pr\u00e9cis\u00e9 que l\u2019\u00e9tude a notamment port\u00e9 sur la mesure du niveau des eaux et de leur degr\u00e9 de salinit\u00e9, ainsi que sur l\u2019observation de la r\u00e9action des couches souterraines aux eaux de pluie et aux ruissellements. Elle a \u00e9galement analys\u00e9 les modes d\u2019utilisation de l\u2019eau par les populations, notamment dans le domaine de l\u2019agriculture oasienne.<\/p>\n<p>La responsable a ajout\u00e9 que la zone \u00e9tudi\u00e9e compte 14 points de suivi des eaux souterraines, faisant l\u2019objet de relev\u00e9s r\u00e9guliers sur le terrain, \u00e0 raison d\u2019une mesure tous les quinze jours, afin de suivre l\u2019\u00e9volution de la situation hydrique et les changements qui l\u2019affectent.<\/p>\n<p>La r\u00e9union s\u2019est d\u00e9roul\u00e9e en pr\u00e9sence du pr\u00e9sident de l\u2019Association des maires de l\u2019Adrar, de l\u2019adjointe au maire d\u2019Atar, du directeur r\u00e9gional de l\u2019Hydraulique, du coordinateur r\u00e9gional du projet de d\u00e9veloppement des cultures fourrag\u00e8res ainsi que du conseiller de la R\u00e9gion de l\u2019Adrar charg\u00e9 des questions li\u00e9es \u00e0 l\u2019eau.<\/p>\n<\/div>\n","protected":false},"excerpt":{"rendered":"<p>La salle de r\u00e9union du si\u00e8ge de la R\u00e9gion de l\u2019Adrar a abrit\u00e9, vendredi apr\u00e8s-midi, la premi\u00e8re r\u00e9union de la Commission r\u00e9gionale de l\u2019hydraulique, consacr\u00e9e \u00e0 l\u2019examen de la situation des ressources hydriques dans la wilaya et \u00e0 l\u2019\u00e9tude des moyens d\u2019en assurer une gestion rationnelle et durable. Le wali adjoint de l\u2019Adrar, M. Boubacar [&hellip;]<\/p>\n","protected":false},"author":8,"featured_media":301835,"comment_status":"open","ping_status":"open","sticky":false,"template":"","format":"standard","meta":{"footnotes":""},"categories":[63918,63957],"tags":[],"class_list":["post-301833","post","type-post","status-publish","format-standard","has-post-thumbnail","hentry","category-autres","category-fil-dactualite"],"_links":{"self":[{"href":"https:\/\/ami.mr\/fr\/wp-json\/wp\/v2\/posts\/301833","targetHints":{"allow":["GET"]}}],"collection":[{"href":"https:\/\/ami.mr\/fr\/wp-json\/wp\/v2\/posts"}],"about":[{"href":"https:\/\/ami.mr\/fr\/wp-json\/wp\/v2\/types\/post"}],"author":[{"embeddable":true,"href":"https:\/\/ami.mr\/fr\/wp-json\/wp\/v2\/users\/8"}],"replies":[{"embeddable":true,"href":"https:\/\/ami.mr\/fr\/wp-json\/wp\/v2\/comments?post=301833"}],"version-history":[{"count":2,"href":"https:\/\/ami.mr\/fr\/wp-json\/wp\/v2\/posts\/301833\/revisions"}],"predecessor-version":[{"id":301846,"href":"https:\/\/ami.mr\/fr\/wp-json\/wp\/v2\/posts\/301833\/revisions\/301846"}],"wp:featuredmedia":[{"embeddable":true,"href":"https:\/\/ami.mr\/fr\/wp-json\/wp\/v2\/media\/301835"}],"wp:attachment":[{"href":"https:\/\/ami.mr\/fr\/wp-json\/wp\/v2\/media?parent=301833"}],"wp:term":[{"taxonomy":"category","embeddable":true,"href":"https:\/\/ami.mr\/fr\/wp-json\/wp\/v2\/categories?post=301833"},{"taxonomy":"post_tag","embeddable":true,"href":"https:\/\/ami.mr\/fr\/wp-json\/wp\/v2\/tags?post=301833"}],"curies":[{"name":"wp","href":"https:\/\/api.w.org\/{rel}","templated":true}]}}