{"id":301830,"date":"2026-09-04T19:19:51","date_gmt":"2026-09-04T19:19:51","guid":{"rendered":"https:\/\/ami.mr\/fr\/?p=301830"},"modified":"2026-09-05T08:25:54","modified_gmt":"2026-09-05T08:25:54","slug":"le-ministre-de-lenseignement-superieur-recoit-une-mission-italienne","status":"publish","type":"post","link":"https:\/\/ami.mr\/fr\/archives\/301830","title":{"rendered":"Le ministre de l\u2019Enseignement sup\u00e9rieur re\u00e7oit une mission italienne"},"content":{"rendered":"<div class=\"cell size-p10 padding20 no-padding-left no-padding-right no-padding-bottom\"><\/div>\n<div class=\"cell auto-size\">\n<div class=\"set-border bd-gray padding10 margin10 no-margin-right no-margin-left \" dir=\"ltr\">\n<p>\u00a0Le ministre de l\u2019Enseignement sup\u00e9rieur et de la Recherche scientifique, M. Yacoub Ould Moine, a re\u00e7u, vendredi \u00e0 Nouakchott, dans son bureau, une mission italienne actuellement en visite en Mauritanie.<\/p>\n<p>La rencontre a port\u00e9 sur les relations de coop\u00e9ration entre les deux pays et les moyens de les renforcer, notamment dans les domaines li\u00e9s \u00e0 l\u2019enseignement sup\u00e9rieur et \u00e0 la recherche scientifique.<\/p>\n<p>La rencontre s\u2019est d\u00e9roul\u00e9e en pr\u00e9sence du conseiller charg\u00e9 de la coop\u00e9ration internationale, M. Yarbanna Ould El Kharchi, du directeur g\u00e9n\u00e9ral de la Soci\u00e9t\u00e9 nationale pour le d\u00e9veloppement rural (SONADER), M. Hamada Ould Didi Ould Sidi Ahmed, et du directeur de l\u2019\u00c9cole sup\u00e9rieure des sciences agronomiques et v\u00e9t\u00e9rinaires, M. Chamekh Ould Mbarek.<\/p>\n<\/div>\n<\/div>\n<p>&nbsp;<\/p>\n","protected":false},"excerpt":{"rendered":"<p>\u00a0Le ministre de l\u2019Enseignement sup\u00e9rieur et de la Recherche scientifique, M. Yacoub Ould Moine, a re\u00e7u, vendredi \u00e0 Nouakchott, dans son bureau, une mission italienne actuellement en visite en Mauritanie. La rencontre a port\u00e9 sur les relations de coop\u00e9ration entre les deux pays et les moyens de les renforcer, notamment dans les domaines li\u00e9s \u00e0 [&hellip;]<\/p>\n","protected":false},"author":8,"featured_media":301839,"comment_status":"open","ping_status":"open","sticky":false,"template":"","format":"standard","meta":{"footnotes":""},"categories":[63918,63957],"tags":[],"class_list":["post-301830","post","type-post","status-publish","format-standard","has-post-thumbnail","hentry","category-autres","category-fil-dactualite"],"_links":{"self":[{"href":"https:\/\/ami.mr\/fr\/wp-json\/wp\/v2\/posts\/301830","targetHints":{"allow":["GET"]}}],"collection":[{"href":"https:\/\/ami.mr\/fr\/wp-json\/wp\/v2\/posts"}],"about":[{"href":"https:\/\/ami.mr\/fr\/wp-json\/wp\/v2\/types\/post"}],"author":[{"embeddable":true,"href":"https:\/\/ami.mr\/fr\/wp-json\/wp\/v2\/users\/8"}],"replies":[{"embeddable":true,"href":"https:\/\/ami.mr\/fr\/wp-json\/wp\/v2\/comments?post=301830"}],"version-history":[{"count":3,"href":"https:\/\/ami.mr\/fr\/wp-json\/wp\/v2\/posts\/301830\/revisions"}],"predecessor-version":[{"id":301837,"href":"https:\/\/ami.mr\/fr\/wp-json\/wp\/v2\/posts\/301830\/revisions\/301837"}],"wp:featuredmedia":[{"embeddable":true,"href":"https:\/\/ami.mr\/fr\/wp-json\/wp\/v2\/media\/301839"}],"wp:attachment":[{"href":"https:\/\/ami.mr\/fr\/wp-json\/wp\/v2\/media?parent=301830"}],"wp:term":[{"taxonomy":"category","embeddable":true,"href":"https:\/\/ami.mr\/fr\/wp-json\/wp\/v2\/categories?post=301830"},{"taxonomy":"post_tag","embeddable":true,"href":"https:\/\/ami.mr\/fr\/wp-json\/wp\/v2\/tags?post=301830"}],"curies":[{"name":"wp","href":"https:\/\/api.w.org\/{rel}","templated":true}]}}