{"id":301818,"date":"2026-09-04T15:34:49","date_gmt":"2026-09-04T15:34:49","guid":{"rendered":"https:\/\/ami.mr\/fr\/?p=301818"},"modified":"2026-09-04T15:34:49","modified_gmt":"2026-09-04T15:34:49","slug":"le-ministre-des-affaires-etrangeres-recoit-lambassadeur-du-qatar-2","status":"publish","type":"post","link":"https:\/\/ami.mr\/fr\/archives\/301818","title":{"rendered":"Le ministre des Affaires \u00e9trang\u00e8res re\u00e7oit l&#8217;ambassadeur du Qatar"},"content":{"rendered":"<p>Son Excellence le ministre des Affaires \u00e9trang\u00e8res, de la Coop\u00e9ration africaine et des Mauritaniens de l&#8217;Ext\u00e9rieur, M. Mohamed Salem Ould Merzoug, a re\u00e7u en audience, ce vendredi \u00e0 Nouakchott, Son Excellence l&#8217;ambassadeur de l&#8217;\u00c9tat du Qatar accr\u00e9dit\u00e9 en Mauritanie, M. Shaheen Bin Ali Al Kaabi.<\/p>\n<p>Au cours de la rencontre, les deux parties ont pass\u00e9 en revue les relations de coop\u00e9ration bilat\u00e9rale existant entre les deux pays fr\u00e8res, ainsi que les moyens de les renforcer et de les d\u00e9velopper au service des int\u00e9r\u00eats communs. Ils ont \u00e9galement \u00e9chang\u00e9 leurs points de vue sur un certain nombre de sujets.<\/p>\n<p>L&#8217;entretien s&#8217;est d\u00e9roul\u00e9 en pr\u00e9sence de l\u2019ambassadeur, directeur des Mauritaniens de l&#8217;Ext\u00e9rieur et directeur du Monde arabe \u00e0 la direction g\u00e9n\u00e9rale de la coop\u00e9ration bilat\u00e9rale par int\u00e9rim, M. Mohamed Maouloud Mohamed Salem.<\/p>\n","protected":false},"excerpt":{"rendered":"<p>Son Excellence le ministre des Affaires \u00e9trang\u00e8res, de la Coop\u00e9ration africaine et des Mauritaniens de l&#8217;Ext\u00e9rieur, M. Mohamed Salem Ould Merzoug, a re\u00e7u en audience, ce vendredi \u00e0 Nouakchott, Son Excellence l&#8217;ambassadeur de l&#8217;\u00c9tat du Qatar accr\u00e9dit\u00e9 en Mauritanie, M. Shaheen Bin Ali Al Kaabi. Au cours de la rencontre, les deux parties ont pass\u00e9 [&hellip;]<\/p>\n","protected":false},"author":18,"featured_media":301819,"comment_status":"open","ping_status":"open","sticky":false,"template":"","format":"standard","meta":{"footnotes":""},"categories":[63918,63957,63959],"tags":[],"class_list":["post-301818","post","type-post","status-publish","format-standard","has-post-thumbnail","hentry","category-autres","category-fil-dactualite","category-mauritanie"],"_links":{"self":[{"href":"https:\/\/ami.mr\/fr\/wp-json\/wp\/v2\/posts\/301818","targetHints":{"allow":["GET"]}}],"collection":[{"href":"https:\/\/ami.mr\/fr\/wp-json\/wp\/v2\/posts"}],"about":[{"href":"https:\/\/ami.mr\/fr\/wp-json\/wp\/v2\/types\/post"}],"author":[{"embeddable":true,"href":"https:\/\/ami.mr\/fr\/wp-json\/wp\/v2\/users\/18"}],"replies":[{"embeddable":true,"href":"https:\/\/ami.mr\/fr\/wp-json\/wp\/v2\/comments?post=301818"}],"version-history":[{"count":1,"href":"https:\/\/ami.mr\/fr\/wp-json\/wp\/v2\/posts\/301818\/revisions"}],"predecessor-version":[{"id":301820,"href":"https:\/\/ami.mr\/fr\/wp-json\/wp\/v2\/posts\/301818\/revisions\/301820"}],"wp:featuredmedia":[{"embeddable":true,"href":"https:\/\/ami.mr\/fr\/wp-json\/wp\/v2\/media\/301819"}],"wp:attachment":[{"href":"https:\/\/ami.mr\/fr\/wp-json\/wp\/v2\/media?parent=301818"}],"wp:term":[{"taxonomy":"category","embeddable":true,"href":"https:\/\/ami.mr\/fr\/wp-json\/wp\/v2\/categories?post=301818"},{"taxonomy":"post_tag","embeddable":true,"href":"https:\/\/ami.mr\/fr\/wp-json\/wp\/v2\/tags?post=301818"}],"curies":[{"name":"wp","href":"https:\/\/api.w.org\/{rel}","templated":true}]}}