{"id":301812,"date":"2026-09-04T14:30:38","date_gmt":"2026-09-04T14:30:38","guid":{"rendered":"https:\/\/ami.mr\/fr\/?p=301812"},"modified":"2026-09-04T14:30:38","modified_gmt":"2026-09-04T14:30:38","slug":"cloture-des-travaux-dun-atelier-de-formation-pour-les-journalistes-syndicalistes-a-nouakchott","status":"publish","type":"post","link":"https:\/\/ami.mr\/fr\/archives\/301812","title":{"rendered":"Cl\u00f4ture des travaux d&#8217;un atelier de formation pour les journalistes syndicalistes \u00e0 Nouakchott"},"content":{"rendered":"<p>Les travaux de l&#8217;atelier de formation destin\u00e9 aux journalistes syndicalistes, organis\u00e9 par l&#8217;Union arabe des syndicats, sous le titre : \u00ab La fabrication du r\u00e9cit syndical contre le travail des enfants et la d\u00e9fense des travailleurs dans le secteur informel \u00bb, se sont achev\u00e9s aujourd&#8217;hui, vendredi, \u00e0 Nouakchott.<\/p>\n<p>Pendant deux jours, les participants \u00e0 l&#8217;atelier ont suivi une s\u00e9rie de pr\u00e9sentations et de discussions sur les principales questions et d\u00e9fis auxquels le monde du travail est confront\u00e9, notamment la lutte contre le travail des enfants, le renforcement de la protection des travailleurs et les moyens de passer du secteur informel \u00e0 celui formel.<\/p>\n<p>Le directeur g\u00e9n\u00e9ral du travail au minist\u00e8re de la Fonction publique et du Travail, M. Hamoud Ould Tfeil, a affirm\u00e9 que l&#8217;organisation de cet atelier est une opportunit\u00e9 importante pour le r\u00e9seau des journalistes syndicalistes arabes d&#8217;\u00e9changer des exp\u00e9riences et des connaissances, et de d\u00e9velopper des m\u00e9canismes de travail dans le domaine de l&#8217;information syndicale.<\/p>\n<p>Il a expliqu\u00e9 que l&#8217;atelier a contribu\u00e9 \u00e0 la formulation de plusieurs pistes de travail visant \u00e0 sensibiliser l&#8217;opinion publique aux questions li\u00e9es au travail d\u00e9cent, \u00e0 la protection des droits des travailleurs et \u00e0 l&#8217;ancrage des principes de justice sociale.<\/p>\n<p>Il a ajout\u00e9 que cet \u00e9v\u00e9nement repr\u00e9sente une \u00e9tape importante pour renforcer la coop\u00e9ration et la coordination entre les organisations syndicales arabes, ainsi que pour d\u00e9velopper le r\u00e9seau des journalistes syndicalistes arabes et am\u00e9liorer leur performance, afin de renforcer leur pr\u00e9sence dans les sc\u00e8nes m\u00e9diatique et sociale, et de soutenir les efforts de d\u00e9fense des droits des travailleurs.<\/p>\n<p>Pour sa part, M. Khaled Amerissi, secr\u00e9taire ex\u00e9cutif adjoint de l&#8217;Union arabe des syndicats, a pr\u00e9cis\u00e9 que l&#8217;int\u00e9r\u00eat du gouvernement pour cet \u00e9v\u00e9nement refl\u00e8te l&#8217;importance des questions abord\u00e9es, notant que la pr\u00e9paration a dur\u00e9 environ deux mois, dans le but de rassembler les journalistes syndicalistes \u00e0 Nouakchott et de renforcer la communication et la coordination entre eux, incarnant ainsi les valeurs de solidarit\u00e9 et d&#8217;unit\u00e9 arabe.<\/p>\n<p>Les travaux de l&#8217;atelier se sont achev\u00e9s en pr\u00e9sence du secr\u00e9taire g\u00e9n\u00e9ral de l&#8217;Union des Travailleurs de Mauritanie, M. El Kory Ould Abd El Mouly, ainsi que les participants \u00e0 la formation.<\/p>\n","protected":false},"excerpt":{"rendered":"<p>Les travaux de l&#8217;atelier de formation destin\u00e9 aux journalistes syndicalistes, organis\u00e9 par l&#8217;Union arabe des syndicats, sous le titre : \u00ab La fabrication du r\u00e9cit syndical contre le travail des enfants et la d\u00e9fense des travailleurs dans le secteur informel \u00bb, se sont achev\u00e9s aujourd&#8217;hui, vendredi, \u00e0 Nouakchott. Pendant deux jours, les participants \u00e0 l&#8217;atelier [&hellip;]<\/p>\n","protected":false},"author":18,"featured_media":301813,"comment_status":"open","ping_status":"open","sticky":false,"template":"","format":"standard","meta":{"footnotes":""},"categories":[63918,63957,63959],"tags":[],"class_list":["post-301812","post","type-post","status-publish","format-standard","has-post-thumbnail","hentry","category-autres","category-fil-dactualite","category-mauritanie"],"_links":{"self":[{"href":"https:\/\/ami.mr\/fr\/wp-json\/wp\/v2\/posts\/301812","targetHints":{"allow":["GET"]}}],"collection":[{"href":"https:\/\/ami.mr\/fr\/wp-json\/wp\/v2\/posts"}],"about":[{"href":"https:\/\/ami.mr\/fr\/wp-json\/wp\/v2\/types\/post"}],"author":[{"embeddable":true,"href":"https:\/\/ami.mr\/fr\/wp-json\/wp\/v2\/users\/18"}],"replies":[{"embeddable":true,"href":"https:\/\/ami.mr\/fr\/wp-json\/wp\/v2\/comments?post=301812"}],"version-history":[{"count":1,"href":"https:\/\/ami.mr\/fr\/wp-json\/wp\/v2\/posts\/301812\/revisions"}],"predecessor-version":[{"id":301814,"href":"https:\/\/ami.mr\/fr\/wp-json\/wp\/v2\/posts\/301812\/revisions\/301814"}],"wp:featuredmedia":[{"embeddable":true,"href":"https:\/\/ami.mr\/fr\/wp-json\/wp\/v2\/media\/301813"}],"wp:attachment":[{"href":"https:\/\/ami.mr\/fr\/wp-json\/wp\/v2\/media?parent=301812"}],"wp:term":[{"taxonomy":"category","embeddable":true,"href":"https:\/\/ami.mr\/fr\/wp-json\/wp\/v2\/categories?post=301812"},{"taxonomy":"post_tag","embeddable":true,"href":"https:\/\/ami.mr\/fr\/wp-json\/wp\/v2\/tags?post=301812"}],"curies":[{"name":"wp","href":"https:\/\/api.w.org\/{rel}","templated":true}]}}