{"id":301809,"date":"2026-09-04T12:47:27","date_gmt":"2026-09-04T12:47:27","guid":{"rendered":"https:\/\/ami.mr\/fr\/?p=301809"},"modified":"2026-09-04T12:47:27","modified_gmt":"2026-09-04T12:47:27","slug":"tidjikja-cloture-des-activites-de-la-quatrieme-edition-de-la-semaine-de-la-louange-prophetique","status":"publish","type":"post","link":"https:\/\/ami.mr\/fr\/archives\/301809","title":{"rendered":"Tidjikja : Cl\u00f4ture des activit\u00e9s de la quatri\u00e8me \u00e9dition de la semaine de la louange proph\u00e9tique"},"content":{"rendered":"<p>Les activit\u00e9s de la quatri\u00e8me \u00e9dition de la semaine de la louange proph\u00e9tique se sont achev\u00e9es hier soir \u00e0 Tidjikja. L\u2019\u00e9dition a \u00e9t\u00e9 organis\u00e9e par l&#8217;organisation &#8220;Lekrifa \u00e0 Tidjikja pour la louange proph\u00e9tique&#8221;, dans une atmosph\u00e8re spirituelle et culturelle qui refl\u00e8te la place qu&#8217;occupe la louange proph\u00e9tique dans la m\u00e9moire culturelle et religieuse de la ville.<\/p>\n<p>La soir\u00e9e de cl\u00f4ture a inclus une conf\u00e9rence sur l&#8217;histoire de Tidjikja et sa relation avec la louange proph\u00e9tique, mettant en lumi\u00e8re la pr\u00e9sence enracin\u00e9e de cet art religieux dans l&#8217;\u00e2me des habitants de la ville, ainsi que ce qu&#8217;il repr\u00e9sente comme h\u00e9ritage spirituel et culturel transmis de g\u00e9n\u00e9ration en g\u00e9n\u00e9ration.<\/p>\n<p>Des prix ont \u00e9t\u00e9 par ailleurs remis aux laur\u00e9ats du concours de la biographie proph\u00e9tique, qui s\u2019est d\u00e9roul\u00e9 dans le cadre du programme des activit\u00e9s de la semaine, afin d&#8217;encourager l&#8217;int\u00e9r\u00eat pour la belle biographie du Proph\u00e8te, paix et salut sur lui, et de renforcer sa pr\u00e9sence parmi les jeunes.<\/p>\n<p>Le directeur du cabinet du wali du Tagant, M. El Houssein Ould Ahbibi, a d\u00e9clar\u00e9 dans son discours que cet \u00e9v\u00e9nement a constitu\u00e9 une occasion spirituelle et culturelle pour c\u00e9l\u00e9brer la belle biographie du meilleur des \u00eatres, paix et salut sur lui, et de rappeler ses nobles caract\u00e9ristiques, tout en s&#8217;inspirant des valeurs \u00e9lev\u00e9es que sa vie incarne, telles que la tol\u00e9rance, la mis\u00e9ricorde, la fraternit\u00e9 et la bonne moralit\u00e9.<\/p>\n<p>Il a salu\u00e9 les efforts d\u00e9ploy\u00e9s pour revitaliser l&#8217;h\u00e9ritage culturel authentique et le pr\u00e9server dans l&#8217;esprit des jeunes, en soulignant les richesses scientifiques et litt\u00e9raires que cette r\u00e9gion poss\u00e8de, qui refl\u00e8tent la profondeur de son amour pour le Messager d\u2019Allah, paix et salut sur lui, et son lien avec la louange proph\u00e9tique.<\/p>\n<p>Il a ajout\u00e9 que l&#8217;organisation de cet \u00e9v\u00e9nement s&#8217;inscrit dans la continuit\u00e9 de l&#8217;attention que Son Excellence le Pr\u00e9sident de la R\u00e9publique, M. Mohamed Ould Cheikh El Ghazouani, porte \u00e0 la pr\u00e9servation de l&#8217;h\u00e9ritage national, \u00e0 la valorisation de l&#8217;identit\u00e9 culturelle et religieuse du pays, et au renforcement des valeurs nobles qui constituent des points communs entre les diff\u00e9rentes composantes de la soci\u00e9t\u00e9.<\/p>\n<p>Pour sa part, la pr\u00e9sidente de la semaine de la louange proph\u00e9tique \u00e0 Lekrifa de Tidjikja, Mme Khadi Mint Abdel Jelil, a exprim\u00e9 sa gratitude \u00e0 tous ceux qui ont contribu\u00e9 au succ\u00e8s de cette \u00e9dition, affirmant la volont\u00e9 de poursuivre les efforts visant \u00e0 dynamiser la sc\u00e8ne et \u00e0 revitaliser l&#8217;action culturelle dans cette r\u00e9gion, qui a toujours \u00e9t\u00e9, \u00e0 travers son histoire, un phare de connaissance et de don de soi pour religion.<\/p>\n<p>La c\u00e9r\u00e9monie de cl\u00f4ture a \u00e9t\u00e9 marqu\u00e9e par la pr\u00e9sence du hakem mou\u00e7aid de Tidjikja, du maire de Tidjikja, de certains responsables des services techniques, s\u00e9curitaires et militaires, ainsi que de plusieurs leaders d&#8217;opinion.<\/p>\n","protected":false},"excerpt":{"rendered":"<p>Les activit\u00e9s de la quatri\u00e8me \u00e9dition de la semaine de la louange proph\u00e9tique se sont achev\u00e9es hier soir \u00e0 Tidjikja. L\u2019\u00e9dition a \u00e9t\u00e9 organis\u00e9e par l&#8217;organisation &#8220;Lekrifa \u00e0 Tidjikja pour la louange proph\u00e9tique&#8221;, dans une atmosph\u00e8re spirituelle et culturelle qui refl\u00e8te la place qu&#8217;occupe la louange proph\u00e9tique dans la m\u00e9moire culturelle et religieuse de la [&hellip;]<\/p>\n","protected":false},"author":18,"featured_media":301810,"comment_status":"open","ping_status":"open","sticky":false,"template":"","format":"standard","meta":{"footnotes":""},"categories":[63918,63957,8672],"tags":[],"class_list":["post-301809","post","type-post","status-publish","format-standard","has-post-thumbnail","hentry","category-autres","category-fil-dactualite","category-8672"],"_links":{"self":[{"href":"https:\/\/ami.mr\/fr\/wp-json\/wp\/v2\/posts\/301809","targetHints":{"allow":["GET"]}}],"collection":[{"href":"https:\/\/ami.mr\/fr\/wp-json\/wp\/v2\/posts"}],"about":[{"href":"https:\/\/ami.mr\/fr\/wp-json\/wp\/v2\/types\/post"}],"author":[{"embeddable":true,"href":"https:\/\/ami.mr\/fr\/wp-json\/wp\/v2\/users\/18"}],"replies":[{"embeddable":true,"href":"https:\/\/ami.mr\/fr\/wp-json\/wp\/v2\/comments?post=301809"}],"version-history":[{"count":1,"href":"https:\/\/ami.mr\/fr\/wp-json\/wp\/v2\/posts\/301809\/revisions"}],"predecessor-version":[{"id":301811,"href":"https:\/\/ami.mr\/fr\/wp-json\/wp\/v2\/posts\/301809\/revisions\/301811"}],"wp:featuredmedia":[{"embeddable":true,"href":"https:\/\/ami.mr\/fr\/wp-json\/wp\/v2\/media\/301810"}],"wp:attachment":[{"href":"https:\/\/ami.mr\/fr\/wp-json\/wp\/v2\/media?parent=301809"}],"wp:term":[{"taxonomy":"category","embeddable":true,"href":"https:\/\/ami.mr\/fr\/wp-json\/wp\/v2\/categories?post=301809"},{"taxonomy":"post_tag","embeddable":true,"href":"https:\/\/ami.mr\/fr\/wp-json\/wp\/v2\/tags?post=301809"}],"curies":[{"name":"wp","href":"https:\/\/api.w.org\/{rel}","templated":true}]}}