{"id":301806,"date":"2026-09-04T12:39:28","date_gmt":"2026-09-04T12:39:28","guid":{"rendered":"https:\/\/ami.mr\/fr\/?p=301806"},"modified":"2026-09-04T12:41:54","modified_gmt":"2026-09-04T12:41:54","slug":"organisation-de-journees-culturelles-et-touristiques-a-akjoujt","status":"publish","type":"post","link":"https:\/\/ami.mr\/fr\/archives\/301806","title":{"rendered":"Organisation de journ\u00e9es culturelles et touristiques \u00e0 Akjoujt"},"content":{"rendered":"<p>La ville d&#8217;Akjoujt a accueilli, hier, jeudi soir, une soir\u00e9e culturelle et artistique dans le cadre de la deuxi\u00e8me \u00e9dition des journ\u00e9es culturelles et touristiques, organis\u00e9e par l&#8217;Association &#8220;Ambassadeurs de la Paix&#8221; d&#8217;Akjoujt, en collaboration avec le r\u00e9seau r\u00e9gional des organisations de la soci\u00e9t\u00e9 civile.<\/p>\n<p>Cet \u00e9v\u00e9nement, organis\u00e9 sous le slogan &#8220;Akjoujt\u2026 Authenticit\u00e9 \u00e0 exp\u00e9rimenter et beaut\u00e9 \u00e0 d\u00e9couvrir&#8221;, vise \u00e0 encourager le tourisme int\u00e9rieur et \u00e0 explorer les richesses touristiques de la wilaya de l&#8217;Inchiri, alliant la beaut\u00e9 du d\u00e9sert \u00e0 la puret\u00e9 de l&#8217;oc\u00e9an.<\/p>\n<p>Le d\u00e9l\u00e9gu\u00e9 r\u00e9gional du minist\u00e8re de l&#8217;Autonomisation des Jeunes, de l\u2019Emploi, des Sports et du Service civique, M. Njih Ould Mahfoudh, a soulign\u00e9 dans son discours que l&#8217;Inchiri en g\u00e9n\u00e9ral, et Akjoujt en particulier, se distinguent par leur richesse culturelle et la diversit\u00e9 de leurs sites touristiques, exprimant sa fiert\u00e9 pour ces initiatives jeunes visant \u00e0 soutenir le tourisme int\u00e9rieur.<\/p>\n<p>Il a d\u00e9clar\u00e9 que cette initiative vise \u00e0 mettre en lumi\u00e8re les richesses touristiques et culturelles de cette r\u00e9gion, \u00e0 en faire la premi\u00e8re destination pour le tourisme int\u00e9rieur, et \u00e0 encourager toutes les actions qui font du tourisme un levier pour l&#8217;\u00e9conomie locale.<\/p>\n<p>De son c\u00f4t\u00e9, le maire adjoint d&#8217;Akjoujt, M. Brahim Ould Tabakh, a salu\u00e9 l&#8217;importance de ces initiatives jeunes visant \u00e0 promouvoir le tourisme int\u00e9rieur et \u00e0 explorer les atouts touristiques et culturels de la ville qui m\u00e9ritent d&#8217;\u00eatre d\u00e9couverts et pr\u00e9serv\u00e9s.<\/p>\n<p>Quant au pr\u00e9sident du forum r\u00e9gional des organisations de la soci\u00e9t\u00e9 civile, M. El Mami Brahim Felane, il a confirm\u00e9 l&#8217;importance de ces journ\u00e9es culturelles et touristiques visant \u00e0 accompagner les directives des plus hautes autorit\u00e9s pour passer les vacances \u00e0 l&#8217;int\u00e9rieur du pays et encourager le tourisme int\u00e9rieur, en pr\u00e9sentant les principaux sites touristiques de la wilaya.<\/p>\n<p>La pr\u00e9sidente du &#8220;R\u00e9seau des Jeunes Ambassadeurs de la Paix&#8221;, Mme Dado Mohamedou, a indiqu\u00e9 que cet \u00e9v\u00e9nement vient valoriser le patrimoine culturel et touristique de la ville, soulignant que le programme de cette \u00e9dition comprendra des excursions touristiques vers certains lieux proches de la ville, l&#8217;organisation de soir\u00e9es artistiques, et la pr\u00e9sentation de sketches traitant de l&#8217;importance du tourisme int\u00e9rieur et des atouts uniques dont regorge la Mauritanie.<\/p>\n","protected":false},"excerpt":{"rendered":"<p>La ville d&#8217;Akjoujt a accueilli, hier, jeudi soir, une soir\u00e9e culturelle et artistique dans le cadre de la deuxi\u00e8me \u00e9dition des journ\u00e9es culturelles et touristiques, organis\u00e9e par l&#8217;Association &#8220;Ambassadeurs de la Paix&#8221; d&#8217;Akjoujt, en collaboration avec le r\u00e9seau r\u00e9gional des organisations de la soci\u00e9t\u00e9 civile. Cet \u00e9v\u00e9nement, organis\u00e9 sous le slogan &#8220;Akjoujt\u2026 Authenticit\u00e9 \u00e0 exp\u00e9rimenter [&hellip;]<\/p>\n","protected":false},"author":18,"featured_media":301807,"comment_status":"open","ping_status":"open","sticky":false,"template":"","format":"standard","meta":{"footnotes":""},"categories":[63918,63957,8672],"tags":[],"class_list":["post-301806","post","type-post","status-publish","format-standard","has-post-thumbnail","hentry","category-autres","category-fil-dactualite","category-8672"],"_links":{"self":[{"href":"https:\/\/ami.mr\/fr\/wp-json\/wp\/v2\/posts\/301806","targetHints":{"allow":["GET"]}}],"collection":[{"href":"https:\/\/ami.mr\/fr\/wp-json\/wp\/v2\/posts"}],"about":[{"href":"https:\/\/ami.mr\/fr\/wp-json\/wp\/v2\/types\/post"}],"author":[{"embeddable":true,"href":"https:\/\/ami.mr\/fr\/wp-json\/wp\/v2\/users\/18"}],"replies":[{"embeddable":true,"href":"https:\/\/ami.mr\/fr\/wp-json\/wp\/v2\/comments?post=301806"}],"version-history":[{"count":1,"href":"https:\/\/ami.mr\/fr\/wp-json\/wp\/v2\/posts\/301806\/revisions"}],"predecessor-version":[{"id":301808,"href":"https:\/\/ami.mr\/fr\/wp-json\/wp\/v2\/posts\/301806\/revisions\/301808"}],"wp:featuredmedia":[{"embeddable":true,"href":"https:\/\/ami.mr\/fr\/wp-json\/wp\/v2\/media\/301807"}],"wp:attachment":[{"href":"https:\/\/ami.mr\/fr\/wp-json\/wp\/v2\/media?parent=301806"}],"wp:term":[{"taxonomy":"category","embeddable":true,"href":"https:\/\/ami.mr\/fr\/wp-json\/wp\/v2\/categories?post=301806"},{"taxonomy":"post_tag","embeddable":true,"href":"https:\/\/ami.mr\/fr\/wp-json\/wp\/v2\/tags?post=301806"}],"curies":[{"name":"wp","href":"https:\/\/api.w.org\/{rel}","templated":true}]}}