{"id":301803,"date":"2026-09-04T12:11:29","date_gmt":"2026-09-04T12:11:29","guid":{"rendered":"https:\/\/ami.mr\/fr\/?p=301803"},"modified":"2026-09-04T12:11:29","modified_gmt":"2026-09-04T12:11:29","slug":"cloture-des-activites-de-la-semaine-nationale-de-la-culture-et-des-arts-dans-le-hodh-el-gharbi","status":"publish","type":"post","link":"https:\/\/ami.mr\/fr\/archives\/301803","title":{"rendered":"Cl\u00f4ture des activit\u00e9s de la semaine nationale de la culture et des arts dans le Hodh El Gharbi"},"content":{"rendered":"<p>Les activit\u00e9s de la semaine nationale de la culture et des arts au niveau de la wilaya du Hodh El Gharbi se sont termin\u00e9es hier soir, dans la ville de Aioun. L\u2019\u00e9v\u00e9nement a \u00e9t\u00e9 organis\u00e9 par le minist\u00e8re de la Culture, des Arts, de la Communication et des Relations avec le Parlement sous le slogan : \u00ab vos vacances, culture et tourisme \u00bb.<\/p>\n<p>La c\u00e9r\u00e9monie de cl\u00f4ture a \u00e9t\u00e9 marqu\u00e9e par des po\u00e8mes en arabe classique, de la po\u00e9sie populaire, en langues nationales ainsi que des chants de louanges proph\u00e9tiques, refl\u00e9tant la richesse de la sc\u00e8ne culturelle et artistique de la wilaya et sa diversit\u00e9.<\/p>\n<p>Le wali mou\u00e7aid du Hodh El Gharbi, M. Mohamed Abdallah Afal, a salu\u00e9, dans un discours \u00e0 cette occasion, le niveau d&#8217;organisation de l&#8217;\u00e9v\u00e9nement et le succ\u00e8s de ses diff\u00e9rentes activit\u00e9s, soulignant qu&#8217;il a constitu\u00e9 une opportunit\u00e9 pour d\u00e9couvrir et valoriser les jeunes talents, ainsi que pour mettre en avant le riche patrimoine culturel de la wilaya, tout en renfor\u00e7ant les liens de fraternit\u00e9, de solidarit\u00e9 et de coh\u00e9sion entre les diff\u00e9rentes composantes de la soci\u00e9t\u00e9.<\/p>\n<p>Il a pr\u00e9cis\u00e9 que la culture repr\u00e9sente un axe fondamental du d\u00e9veloppement, en raison de son r\u00f4le dans la pr\u00e9servation et le renforcement de l&#8217;identit\u00e9 nationale, ainsi que de l&#8217;espace qu&#8217;elle offre aux jeunes pour exprimer leurs talents et d\u00e9velopper leurs capacit\u00e9s dans divers domaines.<\/p>\n<p>Il a appel\u00e9 les parties concern\u00e9es et les acteurs du domaine culturel \u00e0 poursuivre leurs efforts pour ancrer et d\u00e9velopper ces initiatives, afin de garantir leur organisation r\u00e9guli\u00e8re et de renforcer la pr\u00e9sence de la culture et des arts dans la vie publique de la wilaya.<\/p>\n<p>La semaine nationale de la culture et des arts a constitu\u00e9 une occasion de mettre en avant la diversit\u00e9 culturelle et artistique du Hodh El Gharbi, ainsi que de faire conna\u00eetre les capacit\u00e9s et les talents locaux.<\/p>\n<p>Les activit\u00e9s de la semaine se sont conclues par la remise de prix aux laur\u00e9ats des comp\u00e9titions de Coran, de louanges proph\u00e9tiques, de po\u00e9sie classique, populaire et en langues nationales, d&#8217;art plastique, de th\u00e9\u00e2tre, ainsi qu&#8217;un concours de folklore populaire.<\/p>\n<p>La c\u00e9r\u00e9monie s&#8217;est d\u00e9roul\u00e9e en pr\u00e9sence du hakem d&#8217;Aioun, du maire d\u2019Aioun, du d\u00e9l\u00e9gu\u00e9 r\u00e9gional du minist\u00e8re de la Culture, des Arts, de la Communication et des Relations avec le Parlement, des chefs des services r\u00e9gionaux, ainsi que d&#8217;un certain nombre de personnes int\u00e9ress\u00e9es par les affaires culturelles et artistiques.<\/p>\n","protected":false},"excerpt":{"rendered":"<p>Les activit\u00e9s de la semaine nationale de la culture et des arts au niveau de la wilaya du Hodh El Gharbi se sont termin\u00e9es hier soir, dans la ville de Aioun. L\u2019\u00e9v\u00e9nement a \u00e9t\u00e9 organis\u00e9 par le minist\u00e8re de la Culture, des Arts, de la Communication et des Relations avec le Parlement sous le slogan [&hellip;]<\/p>\n","protected":false},"author":18,"featured_media":301804,"comment_status":"open","ping_status":"open","sticky":false,"template":"","format":"standard","meta":{"footnotes":""},"categories":[63918,63957,8672],"tags":[],"class_list":["post-301803","post","type-post","status-publish","format-standard","has-post-thumbnail","hentry","category-autres","category-fil-dactualite","category-8672"],"_links":{"self":[{"href":"https:\/\/ami.mr\/fr\/wp-json\/wp\/v2\/posts\/301803","targetHints":{"allow":["GET"]}}],"collection":[{"href":"https:\/\/ami.mr\/fr\/wp-json\/wp\/v2\/posts"}],"about":[{"href":"https:\/\/ami.mr\/fr\/wp-json\/wp\/v2\/types\/post"}],"author":[{"embeddable":true,"href":"https:\/\/ami.mr\/fr\/wp-json\/wp\/v2\/users\/18"}],"replies":[{"embeddable":true,"href":"https:\/\/ami.mr\/fr\/wp-json\/wp\/v2\/comments?post=301803"}],"version-history":[{"count":1,"href":"https:\/\/ami.mr\/fr\/wp-json\/wp\/v2\/posts\/301803\/revisions"}],"predecessor-version":[{"id":301805,"href":"https:\/\/ami.mr\/fr\/wp-json\/wp\/v2\/posts\/301803\/revisions\/301805"}],"wp:featuredmedia":[{"embeddable":true,"href":"https:\/\/ami.mr\/fr\/wp-json\/wp\/v2\/media\/301804"}],"wp:attachment":[{"href":"https:\/\/ami.mr\/fr\/wp-json\/wp\/v2\/media?parent=301803"}],"wp:term":[{"taxonomy":"category","embeddable":true,"href":"https:\/\/ami.mr\/fr\/wp-json\/wp\/v2\/categories?post=301803"},{"taxonomy":"post_tag","embeddable":true,"href":"https:\/\/ami.mr\/fr\/wp-json\/wp\/v2\/tags?post=301803"}],"curies":[{"name":"wp","href":"https:\/\/api.w.org\/{rel}","templated":true}]}}