{"id":301787,"date":"2026-09-03T21:29:28","date_gmt":"2026-09-03T21:29:28","guid":{"rendered":"https:\/\/ami.mr\/fr\/?p=301787"},"modified":"2026-09-03T21:29:28","modified_gmt":"2026-09-03T21:29:28","slug":"le-president-du-lunion-nationale-du-patronat-mauritanien-recoit-une-delegation-de-lunion-des-syndicats-des-travailleurs-arabes","status":"publish","type":"post","link":"https:\/\/ami.mr\/fr\/archives\/301787","title":{"rendered":"Le pr\u00e9sident du l\u2019Union nationale du Patronat mauritanien re\u00e7oit une d\u00e9l\u00e9gation de l&#8217;Union des syndicats des travailleurs arabes"},"content":{"rendered":"<p>Le pr\u00e9sident de l&#8217;Union nationale du Patronat mauritanien, M. Mohamed Zein El Abidine Cheikh Ahmed, a re\u00e7u aujourd&#8217;hui, jeudi \u00e0 Nouakchott, une d\u00e9l\u00e9gation de l&#8217;Union des syndicats des travailleurs arabes, qui effectue actuellement une visite en Mauritanie.<\/p>\n<p>La rencontre s\u2019est d\u00e9roul\u00e9e en pr\u00e9sence des membres du bureau ex\u00e9cutif du Patronat et les quatre conf\u00e9d\u00e9rations membres de l&#8217;Union des syndicats des travailleurs arabes.<\/p>\n","protected":false},"excerpt":{"rendered":"<p>Le pr\u00e9sident de l&#8217;Union nationale du Patronat mauritanien, M. Mohamed Zein El Abidine Cheikh Ahmed, a re\u00e7u aujourd&#8217;hui, jeudi \u00e0 Nouakchott, une d\u00e9l\u00e9gation de l&#8217;Union des syndicats des travailleurs arabes, qui effectue actuellement une visite en Mauritanie. La rencontre s\u2019est d\u00e9roul\u00e9e en pr\u00e9sence des membres du bureau ex\u00e9cutif du Patronat et les quatre conf\u00e9d\u00e9rations membres [&hellip;]<\/p>\n","protected":false},"author":5,"featured_media":301789,"comment_status":"open","ping_status":"open","sticky":false,"template":"","format":"standard","meta":{"footnotes":""},"categories":[63918,63957,63959],"tags":[],"class_list":["post-301787","post","type-post","status-publish","format-standard","has-post-thumbnail","hentry","category-autres","category-fil-dactualite","category-mauritanie"],"_links":{"self":[{"href":"https:\/\/ami.mr\/fr\/wp-json\/wp\/v2\/posts\/301787","targetHints":{"allow":["GET"]}}],"collection":[{"href":"https:\/\/ami.mr\/fr\/wp-json\/wp\/v2\/posts"}],"about":[{"href":"https:\/\/ami.mr\/fr\/wp-json\/wp\/v2\/types\/post"}],"author":[{"embeddable":true,"href":"https:\/\/ami.mr\/fr\/wp-json\/wp\/v2\/users\/5"}],"replies":[{"embeddable":true,"href":"https:\/\/ami.mr\/fr\/wp-json\/wp\/v2\/comments?post=301787"}],"version-history":[{"count":1,"href":"https:\/\/ami.mr\/fr\/wp-json\/wp\/v2\/posts\/301787\/revisions"}],"predecessor-version":[{"id":301790,"href":"https:\/\/ami.mr\/fr\/wp-json\/wp\/v2\/posts\/301787\/revisions\/301790"}],"wp:featuredmedia":[{"embeddable":true,"href":"https:\/\/ami.mr\/fr\/wp-json\/wp\/v2\/media\/301789"}],"wp:attachment":[{"href":"https:\/\/ami.mr\/fr\/wp-json\/wp\/v2\/media?parent=301787"}],"wp:term":[{"taxonomy":"category","embeddable":true,"href":"https:\/\/ami.mr\/fr\/wp-json\/wp\/v2\/categories?post=301787"},{"taxonomy":"post_tag","embeddable":true,"href":"https:\/\/ami.mr\/fr\/wp-json\/wp\/v2\/tags?post=301787"}],"curies":[{"name":"wp","href":"https:\/\/api.w.org\/{rel}","templated":true}]}}