{"id":301784,"date":"2026-09-03T21:25:23","date_gmt":"2026-09-03T21:25:23","guid":{"rendered":"https:\/\/ami.mr\/fr\/?p=301784"},"modified":"2026-09-03T21:25:23","modified_gmt":"2026-09-03T21:25:23","slug":"soiree-de-solidarite-avec-le-peuple-algerien-suite-aux-incendies-survenus-dans-des-forets","status":"publish","type":"post","link":"https:\/\/ami.mr\/fr\/archives\/301784","title":{"rendered":"Soir\u00e9e de solidarit\u00e9 avec le peuple alg\u00e9rien suite aux incendies survenus dans des for\u00eats"},"content":{"rendered":"<p>L\u2019union mondiale des po\u00e8tes hassaniya, a organis\u00e9 ce jeudi soir, \u00e0 Nouakchott, une soir\u00e9e de solidarit\u00e9 avec le peuple alg\u00e9rien, en raison des incendies survenus dans for\u00eats et qui ont touch\u00e9 plusieurs r\u00e9gions d&#8217;Alg\u00e9rie.<\/p>\n<p>Le pr\u00e9sident de l&#8217;union, M. Adouh Ould Benyouk, a affirm\u00e9 dans un discours \u00e0 cette occasion que l&#8217;organisation de cette soir\u00e9e illustre la profondeur des relations fraternelles et historiques qui lient la Mauritanie \u00e0 l&#8217;Alg\u00e9rie, tout en saluant le soutien et l&#8217;appui que l&#8217;Alg\u00e9rie a apport\u00e9s \u00e0 la culture et \u00e0 la po\u00e9sie hassani.<\/p>\n<p>Pour sa part, le charg\u00e9 d&#8217;affaires de l&#8217;ambassade de la R\u00e9publique alg\u00e9rienne d\u00e9mocratique et populaire \u00e0 Nouakchott, M. Ghazi Bou maaza, a exprim\u00e9 sa profonde gratitude \u00e0 l&#8217;union et au peuple mauritanien pour cette initiative de solidarit\u00e9, qui refl\u00e8te la profondeur des liens fraternels entre les deux pays.<\/p>\n<p>Il a soulign\u00e9 que les relations mauritano-alg\u00e9riennes reposent sur des bases solides d&#8217;amiti\u00e9, de solidarit\u00e9, de coop\u00e9ration et de bon voisinage, affirmant la solidit\u00e9 des relations qui unissent les deux peuples fr\u00e8res.<\/p>\n<p>La soir\u00e9e a \u00e9t\u00e9 ponctu\u00e9e d&#8217;interventions litt\u00e9raires et po\u00e9tiques au cours desquelles les participants ont exprim\u00e9 leur solidarit\u00e9 avec le peuple alg\u00e9rien face aux cons\u00e9quences de ces incendies, r\u00e9affirmant la profondeur et la solidit\u00e9 des liens culturels et historiques qui unissent la Mauritanie et l&#8217;Alg\u00e9rie.<\/p>\n","protected":false},"excerpt":{"rendered":"<p>L\u2019union mondiale des po\u00e8tes hassaniya, a organis\u00e9 ce jeudi soir, \u00e0 Nouakchott, une soir\u00e9e de solidarit\u00e9 avec le peuple alg\u00e9rien, en raison des incendies survenus dans for\u00eats et qui ont touch\u00e9 plusieurs r\u00e9gions d&#8217;Alg\u00e9rie. Le pr\u00e9sident de l&#8217;union, M. Adouh Ould Benyouk, a affirm\u00e9 dans un discours \u00e0 cette occasion que l&#8217;organisation de cette soir\u00e9e [&hellip;]<\/p>\n","protected":false},"author":5,"featured_media":301785,"comment_status":"open","ping_status":"open","sticky":false,"template":"","format":"standard","meta":{"footnotes":""},"categories":[63918,63957,63959],"tags":[],"class_list":["post-301784","post","type-post","status-publish","format-standard","has-post-thumbnail","hentry","category-autres","category-fil-dactualite","category-mauritanie"],"_links":{"self":[{"href":"https:\/\/ami.mr\/fr\/wp-json\/wp\/v2\/posts\/301784","targetHints":{"allow":["GET"]}}],"collection":[{"href":"https:\/\/ami.mr\/fr\/wp-json\/wp\/v2\/posts"}],"about":[{"href":"https:\/\/ami.mr\/fr\/wp-json\/wp\/v2\/types\/post"}],"author":[{"embeddable":true,"href":"https:\/\/ami.mr\/fr\/wp-json\/wp\/v2\/users\/5"}],"replies":[{"embeddable":true,"href":"https:\/\/ami.mr\/fr\/wp-json\/wp\/v2\/comments?post=301784"}],"version-history":[{"count":2,"href":"https:\/\/ami.mr\/fr\/wp-json\/wp\/v2\/posts\/301784\/revisions"}],"predecessor-version":[{"id":301788,"href":"https:\/\/ami.mr\/fr\/wp-json\/wp\/v2\/posts\/301784\/revisions\/301788"}],"wp:featuredmedia":[{"embeddable":true,"href":"https:\/\/ami.mr\/fr\/wp-json\/wp\/v2\/media\/301785"}],"wp:attachment":[{"href":"https:\/\/ami.mr\/fr\/wp-json\/wp\/v2\/media?parent=301784"}],"wp:term":[{"taxonomy":"category","embeddable":true,"href":"https:\/\/ami.mr\/fr\/wp-json\/wp\/v2\/categories?post=301784"},{"taxonomy":"post_tag","embeddable":true,"href":"https:\/\/ami.mr\/fr\/wp-json\/wp\/v2\/tags?post=301784"}],"curies":[{"name":"wp","href":"https:\/\/api.w.org\/{rel}","templated":true}]}}