{"id":301779,"date":"2026-09-03T21:12:29","date_gmt":"2026-09-03T21:12:29","guid":{"rendered":"https:\/\/ami.mr\/fr\/?p=301779"},"modified":"2026-09-03T21:12:29","modified_gmt":"2026-09-03T21:12:29","slug":"les-membres-de-la-commission-nationale-des-droits-de-lhomme-pretent-serment-devant-le-president-de-la-cour-supreme","status":"publish","type":"post","link":"https:\/\/ami.mr\/fr\/archives\/301779","title":{"rendered":"Les membres de la Commission nationale des Droits de l&#8217;Homme pr\u00eatent serment devant le pr\u00e9sident de la Cour supr\u00eame"},"content":{"rendered":"<p>Les membres de la Commission nationale des Droits de l&#8217;Homme ont pr\u00eat\u00e9 serment aujourd&#8217;hui, jeudi, devant le pr\u00e9sident de la Cour supr\u00eame, M. Cheikh Ahmed Ould Sid Ahmed, lors d&#8217;une s\u00e9ance tenue par la Cour supr\u00eame, dans ses locaux \u00e0 Nouakchott.<\/p>\n<p>Le pr\u00e9sident de la Cour a demand\u00e9 \u00e0 chaque membre de se tenir debout, devant lui, de lever la main droite et de lire le serment suivant :<\/p>\n<p>&#8220;Je jure par Allah le Tout-Puissant que j&#8217;exercerai ma mission avec diligence et sinc\u00e9rit\u00e9, et que je l&#8217;exercerai avec impartialit\u00e9 et int\u00e9grit\u00e9, en respectant la Constitution et les lois de la R\u00e9publique Islamique de Mauritanie, et que je pr\u00e9serverai la confidentialit\u00e9 des d\u00e9lib\u00e9rations m\u00eame apr\u00e8s la fin de mes fonctions.&#8221;<\/p>\n<p>Le minist\u00e8re public \u00e9tait repr\u00e9sent\u00e9 lors de la s\u00e9ance par le juge Mohamed Mahmoud Talha, substitut du procureur g\u00e9n\u00e9ral pr\u00e8s la Cour supr\u00eame, tandis que M. Mohamed Yacine Ould Khaled, greffier en chef de la Cour supr\u00eame, a assur\u00e9 la fonction de greffier de la s\u00e9ance.<\/p>\n<p>La c\u00e9r\u00e9monie de prestation de serment s&#8217;est d\u00e9roul\u00e9e en pr\u00e9sence du pr\u00e9sident de la Commission nationale des Droits de l&#8217;Homme, M. Mohamed Mahmoud Dahi, du secr\u00e9taire g\u00e9n\u00e9ral de la Cour supr\u00eame, M. Amadou Youssouf Diallo, et du secr\u00e9taire g\u00e9n\u00e9ral de la Commission nationale des Droits de l&#8217;Homme, M. Mohamed Ould Brahim.<\/p>\n","protected":false},"excerpt":{"rendered":"<p>Les membres de la Commission nationale des Droits de l&#8217;Homme ont pr\u00eat\u00e9 serment aujourd&#8217;hui, jeudi, devant le pr\u00e9sident de la Cour supr\u00eame, M. Cheikh Ahmed Ould Sid Ahmed, lors d&#8217;une s\u00e9ance tenue par la Cour supr\u00eame, dans ses locaux \u00e0 Nouakchott. Le pr\u00e9sident de la Cour a demand\u00e9 \u00e0 chaque membre de se tenir debout, [&hellip;]<\/p>\n","protected":false},"author":5,"featured_media":301780,"comment_status":"open","ping_status":"open","sticky":false,"template":"","format":"standard","meta":{"footnotes":""},"categories":[63920,63957,63959],"tags":[],"class_list":["post-301779","post","type-post","status-publish","format-standard","has-post-thumbnail","hentry","category-a-la-une","category-fil-dactualite","category-mauritanie"],"_links":{"self":[{"href":"https:\/\/ami.mr\/fr\/wp-json\/wp\/v2\/posts\/301779","targetHints":{"allow":["GET"]}}],"collection":[{"href":"https:\/\/ami.mr\/fr\/wp-json\/wp\/v2\/posts"}],"about":[{"href":"https:\/\/ami.mr\/fr\/wp-json\/wp\/v2\/types\/post"}],"author":[{"embeddable":true,"href":"https:\/\/ami.mr\/fr\/wp-json\/wp\/v2\/users\/5"}],"replies":[{"embeddable":true,"href":"https:\/\/ami.mr\/fr\/wp-json\/wp\/v2\/comments?post=301779"}],"version-history":[{"count":2,"href":"https:\/\/ami.mr\/fr\/wp-json\/wp\/v2\/posts\/301779\/revisions"}],"predecessor-version":[{"id":301782,"href":"https:\/\/ami.mr\/fr\/wp-json\/wp\/v2\/posts\/301779\/revisions\/301782"}],"wp:featuredmedia":[{"embeddable":true,"href":"https:\/\/ami.mr\/fr\/wp-json\/wp\/v2\/media\/301780"}],"wp:attachment":[{"href":"https:\/\/ami.mr\/fr\/wp-json\/wp\/v2\/media?parent=301779"}],"wp:term":[{"taxonomy":"category","embeddable":true,"href":"https:\/\/ami.mr\/fr\/wp-json\/wp\/v2\/categories?post=301779"},{"taxonomy":"post_tag","embeddable":true,"href":"https:\/\/ami.mr\/fr\/wp-json\/wp\/v2\/tags?post=301779"}],"curies":[{"name":"wp","href":"https:\/\/api.w.org\/{rel}","templated":true}]}}