{"id":301776,"date":"2026-09-03T20:51:54","date_gmt":"2026-09-03T20:51:54","guid":{"rendered":"https:\/\/ami.mr\/fr\/?p=301776"},"modified":"2026-09-03T20:51:54","modified_gmt":"2026-09-03T20:51:54","slug":"atar-atelier-de-validation-du-schema-directeur-damenagement-et-durbanisme","status":"publish","type":"post","link":"https:\/\/ami.mr\/fr\/archives\/301776","title":{"rendered":"Atar : atelier de validation du Sch\u00e9ma directeur d\u2019am\u00e9nagement et d\u2019urbanisme"},"content":{"rendered":"<p>La ville d\u2019Atar a abrit\u00e9, jeudi matin, un atelier consacr\u00e9 \u00e0 la validation de son sch\u00e9ma directeur d\u2019am\u00e9nagement et d\u2019urbanisme. L\u2019atelier est organis\u00e9 par le Projet d\u2019appui \u00e0 la d\u00e9centralisation et au d\u00e9veloppement des villes interm\u00e9diaires productives \u00ab Moudoun \u00bb, en collaboration avec la direction du d\u00e9veloppement, de la planification et de la r\u00e9glementation urbaine du minist\u00e8re de l\u2019Habitat, de l\u2019Urbanisme et de l\u2019Am\u00e9nagement du Territoire, avec le financement de la Banque mondiale.<\/p>\n<p>&nbsp;<\/p>\n<p>Dans une allocution prononc\u00e9e \u00e0 cette occasion, le wali mou\u00e7aid, M. Aboubekrine Ould Mohamed, a soulign\u00e9 que l\u2019organisation de cet atelier s\u2019inscrit dans le cadre de la vision port\u00e9e par Son Excellence le Pr\u00e9sident de la R\u00e9publique, M. Mohamed Ould Cheikh El Ghazouani, visant \u00e0 b\u00e2tir des villes organis\u00e9es et \u00e9quilibr\u00e9es, capables de r\u00e9pondre aux besoins de leurs habitants et de relever les d\u00e9fis futurs.<\/p>\n<p>&nbsp;<\/p>\n<p>Il a pr\u00e9cis\u00e9 que le gouvernement de Son Excellence le Premier ministre, M. El Moctar Ould Djay, \u0153uvre \u00e0 traduire cette vision dans les faits \u00e0 travers l\u2019adoption d\u2019une approche int\u00e9gr\u00e9e portant sur l\u2019organisation de l\u2019utilisation des sols, la r\u00e9partition des \u00e9quipements et des services publics, ainsi que le d\u00e9veloppement des r\u00e9seaux routiers et de transport, parall\u00e8lement \u00e0 la pr\u00e9servation des espaces verts et des ressources naturelles.<\/p>\n<p>&nbsp;<\/p>\n<p>Il a indiqu\u00e9 que la planification urbaine rev\u00eat d\u00e9sormais un caract\u00e8re plus urgent, compte tenu de l\u2019expansion rapide des villes et des d\u00e9fis qui en d\u00e9coulent, notamment l\u2019\u00e9talement urbain non ma\u00eetris\u00e9, la pression croissante sur les infrastructures et la demande accrue en logements et en services essentiels,<\/p>\n<p>&nbsp;<\/p>\n<p>\u00ab D\u2019o\u00f9 la n\u00e9cessit\u00e9 de disposer de plans d\u2019urbanisme clairs et applicables, tenant compte des sp\u00e9cificit\u00e9s locales et anticipant les besoins futurs \u00bb, a-t-il d\u00e9clar\u00e9.<\/p>\n<p>&nbsp;<\/p>\n<p>Le wali mou\u00e7aid a salu\u00e9 l\u2019appui technique et financier apport\u00e9 par la Banque mondiale \u00e0 la Mauritanie. Il a invit\u00e9 les participants \u00e0 approfondir leur compr\u00e9hension de l\u2019importance du sch\u00e9ma directeur de la ville d\u2019Atar, \u00e0 engager une r\u00e9flexion pratique sur les m\u00e9canismes de sa mise en \u0153uvre et le respect de ses dispositions, et \u00e0 renforcer la coordination entre les diff\u00e9rentes parties prenantes, afin de contribuer \u00e0 un d\u00e9veloppement urbain durable et \u00e0 l\u2019am\u00e9lioration des conditions de vie des habitants.<\/p>\n<p>&nbsp;<\/p>\n<p>De son c\u00f4t\u00e9, le coordinateur du projet d\u2019appui \u00e0 la d\u00e9centralisation et au d\u00e9veloppement des villes interm\u00e9diaires productives, M. Ahmed Taher Khiyar, a affirm\u00e9 que le sch\u00e9ma d\u2019urbanisme constitue un outil essentiel de planification strat\u00e9gique et de d\u00e9veloppement urbain int\u00e9gr\u00e9 \u00e0 long terme, au regard des grandes orientations sociales et \u00e9conomiques, tout en tenant compte des d\u00e9fis environnementaux et des effets du changement climatique.<\/p>\n<p>&nbsp;<\/p>\n<p>Il a indiqu\u00e9 que l\u2019objectif principal de ce sch\u00e9ma est de contribuer \u00e0 l\u2019am\u00e9lioration des conditions de vie des populations et de stimuler la dynamique de d\u00e9veloppement \u00e9conomique, social et urbain de la ville.<\/p>\n<p>&nbsp;<\/p>\n<p>Pour sa part, le pr\u00e9sident de la r\u00e9gion de l\u2019Adrar, M. Mohamed Ould Cherif Ould Abdallahi, s\u2019est f\u00e9licit\u00e9 de l\u2019organisation de cet atelier et a r\u00e9affirm\u00e9 la disponibilit\u00e9 de la r\u00e9gion \u00e0 contribuer \u00e0 la mise en \u0153uvre du sch\u00e9ma. Celui-ci offre, selon lui, une vision strat\u00e9gique permettant d\u2019orienter l\u2019expansion urbaine de la ville, de renforcer son attractivit\u00e9 touristique et de pr\u00e9server sa sp\u00e9cificit\u00e9 ainsi que son identit\u00e9 urbaine.<\/p>\n<p>&nbsp;<\/p>\n<p>L\u2019adjointe au maire d\u2019Atar, Mme Melika Mint Ebaba, a \u00e9galement salu\u00e9 l\u2019organisation de cette manifestation, appelant \u00e0 pr\u00e9server la vision de la ville afin de sauvegarder sa singularit\u00e9 urbaine.<\/p>\n<p>&nbsp;<\/p>\n<p>L\u2019ouverture de l\u2019atelier s\u2019est d\u00e9roul\u00e9e en pr\u00e9sence du hakem mou\u00e7aid d\u2019Atar, du directeur de la planification, du d\u00e9veloppement et de la r\u00e9glementation urbaine, du d\u00e9l\u00e9gu\u00e9 r\u00e9gional du minist\u00e8re de l\u2019Habitat, de l\u2019Urbanisme et de l\u2019Am\u00e9nagement du Territoire, ainsi que des autorit\u00e9s s\u00e9curitaires de la wilaya.<\/p>\n","protected":false},"excerpt":{"rendered":"<p>La ville d\u2019Atar a abrit\u00e9, jeudi matin, un atelier consacr\u00e9 \u00e0 la validation de son sch\u00e9ma directeur d\u2019am\u00e9nagement et d\u2019urbanisme. L\u2019atelier est organis\u00e9 par le Projet d\u2019appui \u00e0 la d\u00e9centralisation et au d\u00e9veloppement des villes interm\u00e9diaires productives \u00ab Moudoun \u00bb, en collaboration avec la direction du d\u00e9veloppement, de la planification et de la r\u00e9glementation urbaine [&hellip;]<\/p>\n","protected":false},"author":5,"featured_media":301777,"comment_status":"open","ping_status":"open","sticky":false,"template":"","format":"standard","meta":{"footnotes":""},"categories":[63918,63957,8672],"tags":[],"class_list":["post-301776","post","type-post","status-publish","format-standard","has-post-thumbnail","hentry","category-autres","category-fil-dactualite","category-8672"],"_links":{"self":[{"href":"https:\/\/ami.mr\/fr\/wp-json\/wp\/v2\/posts\/301776","targetHints":{"allow":["GET"]}}],"collection":[{"href":"https:\/\/ami.mr\/fr\/wp-json\/wp\/v2\/posts"}],"about":[{"href":"https:\/\/ami.mr\/fr\/wp-json\/wp\/v2\/types\/post"}],"author":[{"embeddable":true,"href":"https:\/\/ami.mr\/fr\/wp-json\/wp\/v2\/users\/5"}],"replies":[{"embeddable":true,"href":"https:\/\/ami.mr\/fr\/wp-json\/wp\/v2\/comments?post=301776"}],"version-history":[{"count":1,"href":"https:\/\/ami.mr\/fr\/wp-json\/wp\/v2\/posts\/301776\/revisions"}],"predecessor-version":[{"id":301778,"href":"https:\/\/ami.mr\/fr\/wp-json\/wp\/v2\/posts\/301776\/revisions\/301778"}],"wp:featuredmedia":[{"embeddable":true,"href":"https:\/\/ami.mr\/fr\/wp-json\/wp\/v2\/media\/301777"}],"wp:attachment":[{"href":"https:\/\/ami.mr\/fr\/wp-json\/wp\/v2\/media?parent=301776"}],"wp:term":[{"taxonomy":"category","embeddable":true,"href":"https:\/\/ami.mr\/fr\/wp-json\/wp\/v2\/categories?post=301776"},{"taxonomy":"post_tag","embeddable":true,"href":"https:\/\/ami.mr\/fr\/wp-json\/wp\/v2\/tags?post=301776"}],"curies":[{"name":"wp","href":"https:\/\/api.w.org\/{rel}","templated":true}]}}