{"id":301772,"date":"2026-09-03T20:32:29","date_gmt":"2026-09-03T20:32:29","guid":{"rendered":"https:\/\/ami.mr\/fr\/?p=301772"},"modified":"2026-09-03T20:32:29","modified_gmt":"2026-09-03T20:32:29","slug":"au-nom-du-president-de-la-republique-presentation-des-condoleances-a-la-famille-de-ahmedou-el-khadim","status":"publish","type":"post","link":"https:\/\/ami.mr\/fr\/archives\/301772","title":{"rendered":"Au nom du Pr\u00e9sident de la R\u00e9publique&#8230; Pr\u00e9sentation des condol\u00e9ances \u00e0 la famille de Ahmedou El Khadim"},"content":{"rendered":"<p>Le conseiller \u00e0 la Pr\u00e9sidence de la R\u00e9publique, M. Ahmed Ould Neni, accompagn\u00e9 du wali du Trarza, M. Ahmedna Ould Sid Abe, a pr\u00e9sent\u00e9 ce jeudi soir, dans le village de Teissir relevant de la commune de Tiguent, dans la moughataa de Mederdra, les condol\u00e9ances du Pr\u00e9sident de la R\u00e9publique, M. Mohamed Ould Cheikh El Ghazouani, \u00e0 la famille de Ahmedou El Khadim, suite au d\u00e9c\u00e8s de feu Cheikh Mohamed El Hassan Ould Ahmedou El Khadim.<\/p>\n<p>Le conseiller a transmis aux membres de la famille les condol\u00e9ances et la sympathie du Pr\u00e9sident de la R\u00e9publique, priant le Tout-Puissant d&#8217;accueillir le d\u00e9funt dans Sa vaste mis\u00e9ricorde, de l&#8217;installer dans Ses jardins \u00e9ternels et d&#8217;inspirer \u00e0 ses proches patience et r\u00e9confort.<\/p>\n<p>Le porte-parole de la famille, M. Cheikh Mohamed Abderrahmane Ould Cheikh Mohamed El Hassan Ould Ahmedou El Khadim, a exprim\u00e9 leur gratitude et leur reconnaissance \u00e0 Son Excellence le Pr\u00e9sident de la R\u00e9publique pour ce geste noble, louant son engagement \u00e0 soutenir les citoyens et \u00e0 se tenir \u00e0 leurs c\u00f4t\u00e9s dans diff\u00e9rentes circonstances.<\/p>\n<p>La c\u00e9r\u00e9monie de pr\u00e9sentation des condol\u00e9ances s&#8217;est d\u00e9roul\u00e9e en pr\u00e9sence du hakem mou\u00e7aid de Mederdra, du maire de Tiguent, et des commandants des forces de s\u00e9curit\u00e9 de la wilaya.<\/p>\n","protected":false},"excerpt":{"rendered":"<p>Le conseiller \u00e0 la Pr\u00e9sidence de la R\u00e9publique, M. Ahmed Ould Neni, accompagn\u00e9 du wali du Trarza, M. Ahmedna Ould Sid Abe, a pr\u00e9sent\u00e9 ce jeudi soir, dans le village de Teissir relevant de la commune de Tiguent, dans la moughataa de Mederdra, les condol\u00e9ances du Pr\u00e9sident de la R\u00e9publique, M. Mohamed Ould Cheikh El [&hellip;]<\/p>\n","protected":false},"author":5,"featured_media":301773,"comment_status":"open","ping_status":"open","sticky":false,"template":"","format":"standard","meta":{"footnotes":""},"categories":[63920,63957,8672],"tags":[],"class_list":["post-301772","post","type-post","status-publish","format-standard","has-post-thumbnail","hentry","category-a-la-une","category-fil-dactualite","category-8672"],"_links":{"self":[{"href":"https:\/\/ami.mr\/fr\/wp-json\/wp\/v2\/posts\/301772","targetHints":{"allow":["GET"]}}],"collection":[{"href":"https:\/\/ami.mr\/fr\/wp-json\/wp\/v2\/posts"}],"about":[{"href":"https:\/\/ami.mr\/fr\/wp-json\/wp\/v2\/types\/post"}],"author":[{"embeddable":true,"href":"https:\/\/ami.mr\/fr\/wp-json\/wp\/v2\/users\/5"}],"replies":[{"embeddable":true,"href":"https:\/\/ami.mr\/fr\/wp-json\/wp\/v2\/comments?post=301772"}],"version-history":[{"count":2,"href":"https:\/\/ami.mr\/fr\/wp-json\/wp\/v2\/posts\/301772\/revisions"}],"predecessor-version":[{"id":301775,"href":"https:\/\/ami.mr\/fr\/wp-json\/wp\/v2\/posts\/301772\/revisions\/301775"}],"wp:featuredmedia":[{"embeddable":true,"href":"https:\/\/ami.mr\/fr\/wp-json\/wp\/v2\/media\/301773"}],"wp:attachment":[{"href":"https:\/\/ami.mr\/fr\/wp-json\/wp\/v2\/media?parent=301772"}],"wp:term":[{"taxonomy":"category","embeddable":true,"href":"https:\/\/ami.mr\/fr\/wp-json\/wp\/v2\/categories?post=301772"},{"taxonomy":"post_tag","embeddable":true,"href":"https:\/\/ami.mr\/fr\/wp-json\/wp\/v2\/tags?post=301772"}],"curies":[{"name":"wp","href":"https:\/\/api.w.org\/{rel}","templated":true}]}}