{"id":301765,"date":"2026-09-03T20:16:44","date_gmt":"2026-09-03T20:16:44","guid":{"rendered":"https:\/\/ami.mr\/fr\/?p=301765"},"modified":"2026-09-03T20:16:44","modified_gmt":"2026-09-03T20:16:44","slug":"le-ministre-des-finances-recoit-une-mission-dassistance-technique-du-fmi","status":"publish","type":"post","link":"https:\/\/ami.mr\/fr\/archives\/301765","title":{"rendered":"Le ministre des Finances re\u00e7oit une mission d\u2019assistance technique du FMI"},"content":{"rendered":"<p style=\"box-sizing: border-box;border-collapse: collapse;color: #000000;font-family: &#039;Segoe UI&#039;, &#039;Open Sans&#039;, sans-serif, serif;font-size: 16.8px\">Son Excellence le ministre des Finances, M. Codioro Moussa N\u2019Gu\u00e9nore, a re\u00e7u ce jeudi, \u00e0 Nouakchott, une mission d\u2019assistance technique du Fonds mon\u00e9taire international (FMI), conduite par le conseiller r\u00e9gional en statistiques de finances publiques aupr\u00e8s d\u2019AFRITAC de l\u2019Ouest\/FMI, M. Francis Gahizi, en pr\u00e9sence du repr\u00e9sentant du FMI en Mauritanie, M. Younes Zouhar.<\/p>\n<p style=\"box-sizing: border-box;border-collapse: collapse;color: #000000;font-family: &#039;Segoe UI&#039;, &#039;Open Sans&#039;, sans-serif, serif;font-size: 16.8px\">\n<p style=\"box-sizing: border-box;border-collapse: collapse;color: #000000;font-family: &#039;Segoe UI&#039;, &#039;Open Sans&#039;, sans-serif, serif;font-size: 16.8px\">\n<p style=\"box-sizing: border-box;border-collapse: collapse;color: #000000;font-family: &#039;Segoe UI&#039;, &#039;Open Sans&#039;, sans-serif, serif;font-size: 16.8px\">\n<p style=\"box-sizing: border-box;border-collapse: collapse;color: #000000;font-family: &#039;Segoe UI&#039;, &#039;Open Sans&#039;, sans-serif, serif;font-size: 16.8px\">Cette mission porte sur le renforcement de la compilation des statistiques de finances publiques et de la dette des entreprises publiques, conform\u00e9ment au manuel de statistiques de finances publiques 2014 (MSFP 2014).<\/p>\n<p style=\"box-sizing: border-box;border-collapse: collapse;color: #000000;font-family: &#039;Segoe UI&#039;, &#039;Open Sans&#039;, sans-serif, serif;font-size: 16.8px\">\n<p style=\"box-sizing: border-box;border-collapse: collapse;color: #000000;font-family: &#039;Segoe UI&#039;, &#039;Open Sans&#039;, sans-serif, serif;font-size: 16.8px\">\n<p style=\"box-sizing: border-box;border-collapse: collapse;color: #000000;font-family: &#039;Segoe UI&#039;, &#039;Open Sans&#039;, sans-serif, serif;font-size: 16.8px\">\n<p style=\"box-sizing: border-box;border-collapse: collapse;color: #000000;font-family: &#039;Segoe UI&#039;, &#039;Open Sans&#039;, sans-serif, serif;font-size: 16.8px\">Les \u00e9changes ont permis de faire le point sur l\u2019avancement des travaux, les principaux r\u00e9sultats obtenus et les prochaines \u00e9tapes, notamment en mati\u00e8re de collecte, de fiabilit\u00e9 et de consolidation des donn\u00e9es financi\u00e8res des entreprises publiques.<\/p>\n<p style=\"box-sizing: border-box;border-collapse: collapse;color: #000000;font-family: &#039;Segoe UI&#039;, &#039;Open Sans&#039;, sans-serif, serif;font-size: 16.8px\">\n<p style=\"box-sizing: border-box;border-collapse: collapse;color: #000000;font-family: &#039;Segoe UI&#039;, &#039;Open Sans&#039;, sans-serif, serif;font-size: 16.8px\">\n<p style=\"box-sizing: border-box;border-collapse: collapse;color: #000000;font-family: &#039;Segoe UI&#039;, &#039;Open Sans&#039;, sans-serif, serif;font-size: 16.8px\">\n<p style=\"box-sizing: border-box;border-collapse: collapse;color: #000000;font-family: &#039;Segoe UI&#039;, &#039;Open Sans&#039;, sans-serif, serif;font-size: 16.8px\">Au cours de la rencontre, Son Excellence le ministre a soulign\u00e9 l\u2019importance accord\u00e9e par le Gouvernement \u00e0 la modernisation des statistiques de finances publiques et \u00e0 l\u2019am\u00e9lioration de la qualit\u00e9 de l\u2019information financi\u00e8re, rappelant la n\u00e9cessit\u00e9 de renforcer la coordination entre les diff\u00e9rents acteurs concern\u00e9s.<\/p>\n<p style=\"box-sizing: border-box;border-collapse: collapse;color: #000000;font-family: &#039;Segoe UI&#039;, &#039;Open Sans&#039;, sans-serif, serif;font-size: 16.8px\">\n<p style=\"box-sizing: border-box;border-collapse: collapse;color: #000000;font-family: &#039;Segoe UI&#039;, &#039;Open Sans&#039;, sans-serif, serif;font-size: 16.8px\">\n<p style=\"box-sizing: border-box;border-collapse: collapse;color: #000000;font-family: &#039;Segoe UI&#039;, &#039;Open Sans&#039;, sans-serif, serif;font-size: 16.8px\">\n<p style=\"box-sizing: border-box;border-collapse: collapse;color: #000000;font-family: &#039;Segoe UI&#039;, &#039;Open Sans&#039;, sans-serif, serif;font-size: 16.8px\">La rencontre s\u2019est d\u00e9roul\u00e9e en pr\u00e9sence du directeur g\u00e9n\u00e9ral de la tutelle financi\u00e8re, M. Mohamed Yeslem Filali, ainsi que de l\u2019experte du FMI en statistiques de finances publiques et de dette publique, Mme Salimata Sissoko.<\/p>\n","protected":false},"excerpt":{"rendered":"<p>Son Excellence le ministre des Finances, M. Codioro Moussa N\u2019Gu\u00e9nore, a re\u00e7u ce jeudi, \u00e0 Nouakchott, une mission d\u2019assistance technique du Fonds mon\u00e9taire international (FMI), conduite par le conseiller r\u00e9gional en statistiques de finances publiques aupr\u00e8s d\u2019AFRITAC de l\u2019Ouest\/FMI, M. Francis Gahizi, en pr\u00e9sence du repr\u00e9sentant du FMI en Mauritanie, M. Younes Zouhar. Cette mission [&hellip;]<\/p>\n","protected":false},"author":5,"featured_media":301766,"comment_status":"open","ping_status":"open","sticky":false,"template":"","format":"standard","meta":{"footnotes":""},"categories":[63918,63957,63959],"tags":[],"class_list":["post-301765","post","type-post","status-publish","format-standard","has-post-thumbnail","hentry","category-autres","category-fil-dactualite","category-mauritanie"],"_links":{"self":[{"href":"https:\/\/ami.mr\/fr\/wp-json\/wp\/v2\/posts\/301765","targetHints":{"allow":["GET"]}}],"collection":[{"href":"https:\/\/ami.mr\/fr\/wp-json\/wp\/v2\/posts"}],"about":[{"href":"https:\/\/ami.mr\/fr\/wp-json\/wp\/v2\/types\/post"}],"author":[{"embeddable":true,"href":"https:\/\/ami.mr\/fr\/wp-json\/wp\/v2\/users\/5"}],"replies":[{"embeddable":true,"href":"https:\/\/ami.mr\/fr\/wp-json\/wp\/v2\/comments?post=301765"}],"version-history":[{"count":1,"href":"https:\/\/ami.mr\/fr\/wp-json\/wp\/v2\/posts\/301765\/revisions"}],"predecessor-version":[{"id":301767,"href":"https:\/\/ami.mr\/fr\/wp-json\/wp\/v2\/posts\/301765\/revisions\/301767"}],"wp:featuredmedia":[{"embeddable":true,"href":"https:\/\/ami.mr\/fr\/wp-json\/wp\/v2\/media\/301766"}],"wp:attachment":[{"href":"https:\/\/ami.mr\/fr\/wp-json\/wp\/v2\/media?parent=301765"}],"wp:term":[{"taxonomy":"category","embeddable":true,"href":"https:\/\/ami.mr\/fr\/wp-json\/wp\/v2\/categories?post=301765"},{"taxonomy":"post_tag","embeddable":true,"href":"https:\/\/ami.mr\/fr\/wp-json\/wp\/v2\/tags?post=301765"}],"curies":[{"name":"wp","href":"https:\/\/api.w.org\/{rel}","templated":true}]}}