{"id":301758,"date":"2026-09-03T14:14:38","date_gmt":"2026-09-03T14:14:38","guid":{"rendered":"https:\/\/ami.mr\/fr\/?p=301758"},"modified":"2026-09-03T14:14:38","modified_gmt":"2026-09-03T14:14:38","slug":"lancement-dune-campagne-de-surveillance-des-prix-de-la-viande-rouge-sur-les-marches-2","status":"publish","type":"post","link":"https:\/\/ami.mr\/fr\/archives\/301758","title":{"rendered":"Lancement d&#8217;une campagne de surveillance des prix de la viande rouge sur les march\u00e9s"},"content":{"rendered":"<p><img decoding=\"async\" class=\"alignnone  wp-image-301760\" src=\"https:\/\/ami.mr\/fr\/wp-content\/uploads\/2026\/09\/MC-3-300x217.jpg\" alt=\"\" width=\"706\" height=\"511\" srcset=\"https:\/\/ami.mr\/fr\/wp-content\/uploads\/2026\/09\/MC-3-300x217.jpg 300w, https:\/\/ami.mr\/fr\/wp-content\/uploads\/2026\/09\/MC-3-768x555.jpg 768w, https:\/\/ami.mr\/fr\/wp-content\/uploads\/2026\/09\/MC-3.jpg 800w\" sizes=\"(max-width: 706px) 100vw, 706px\" \/><\/p>\n<p>Les minist\u00e8res du Commerce, du Tourisme et de l&#8217;\u00c9levage ont lanc\u00e9 jeudi \u00e0 Nouakchott une campagne de surveillance des prix de la viande rouge sur les march\u00e9s et dans les points de vente des wilayas de Nouakchott. Cette campagne vise \u00e0 garantir le respect des prix fix\u00e9s et \u00e0 pr\u00e9server le pouvoir d&#8217;achat des citoyens.<\/p>\n<p>La campagne a \u00e9t\u00e9 lanc\u00e9e par les secr\u00e9taires g\u00e9n\u00e9raux des minist\u00e8res du Commerce, du Tourisme et de l&#8217;\u00c9levage, MM. Yahya Baouba Taleb et Ahmed Allal, en pr\u00e9sence du wali mou\u00e7aid de Nouakchott Ouest, des hakems et des maires.<\/p>\n<p>Dans son allocution, le secr\u00e9taire g\u00e9n\u00e9ral du minist\u00e8re du Commerce et du Tourisme a soulign\u00e9 que cette campagne est mise en \u0153uvre conform\u00e9ment aux directives de Son Excellence le Pr\u00e9sident de la R\u00e9publique, M. Mohamed Ould Cheikh Ghazouani, afin de pr\u00e9server le pouvoir d&#8217;achat des citoyens et de garantir des prix justes et raisonnables pour la viande rouge.<\/p>\n<p>Il a expliqu\u00e9 que les prix approuv\u00e9s \u00e9taient le fruit de vastes concertations entre le minist\u00e8re de l&#8217;\u00c9levage et divers acteurs de la fili\u00e8re viande rouge.<\/p>\n<p>Le secr\u00e9taire g\u00e9n\u00e9ral a pr\u00e9cis\u00e9 que des \u00e9quipes conjointes des minist\u00e8res du commerce, du tourisme et de l&#8217;\u00e9levage effectueraient des visites de terrain sur les march\u00e9s et dans les points de vente de viande afin de v\u00e9rifier le respect des prix fix\u00e9s et de surveiller toute infraction ou pratique de prix abusifs susceptibles de perturber la r\u00e9gulation du march\u00e9.<\/p>\n<p>M. Yahya Baouba Taleb a soulign\u00e9 que l&#8217;objectif de cette campagne n&#8217;\u00e9tait pas d\u2019attenter aux int\u00e9r\u00eats des vendeurs et des commer\u00e7ants, mais plut\u00f4t de r\u00e9guler le march\u00e9 et de parvenir \u00e0 un \u00e9quilibre qui prenne en compte les int\u00e9r\u00eats de toutes les parties, le consommateur en particulier.<\/p>\n<p>Il a affirm\u00e9 que le minist\u00e8re ne tol\u00e9rerait aucune infraction et que les contrevenants seraient passibles des sanctions pr\u00e9vues par les lois et r\u00e8glements en vigueur, ajoutant que cette campagne n&#8217;\u00e9tait pas une mesure temporaire ou ponctuelle, mais bien un \u00e9l\u00e9ment du syst\u00e8me de surveillance continue mis en \u0153uvre par le d\u00e9partement, qui se poursuivra r\u00e9guli\u00e8rement afin de garantir la stabilit\u00e9 du march\u00e9 et la protection des consommateurs.<\/p>\n<p>Le secr\u00e9taire g\u00e9n\u00e9ral a appel\u00e9 les citoyens \u00e0 coop\u00e9rer avec les \u00e9quipes de surveillance et \u00e0 signaler toute violation ou infraction, soulignant que le succ\u00e8s des efforts de r\u00e9gulation du march\u00e9 et de protection des consommateurs repose sur la mobilisation conjointe des pouvoirs publics, des citoyens et des associations de consommateurs.<\/p>\n<p>Un m\u00e9canisme parall\u00e8le a \u00e9galement \u00e9t\u00e9 annonc\u00e9 afin d&#8217;\u00e9tudier les diff\u00e9rents facteurs influen\u00e7ant les prix de la viande, contribuant ainsi \u00e0 la r\u00e9gulation, \u00e0 la stabilit\u00e9 et \u00e0 la transparence du march\u00e9, tout en pr\u00e9servant les int\u00e9r\u00eats de tous les acteurs.<\/p>\n<p>\u00c0 la suite de la c\u00e9r\u00e9monie de lancement de la campagne, des \u00e9quipes d&#8217;inspection conjointes des deux minist\u00e8res ont entam\u00e9 leurs premi\u00e8res visites de march\u00e9, ciblant la moughataa de Tevragh-Zeina, afin de v\u00e9rifier le respect par les commer\u00e7ants des prix convenus et des nouvelles proc\u00e9dures. Cette campagne s&#8217;inscrit dans le cadre des efforts continus visant \u00e0 renforcer la surveillance du march\u00e9, \u00e0 garantir la transparence des transactions commerciales et \u00e0 prot\u00e9ger les consommateurs, contribuant ainsi \u00e0 un march\u00e9 de la viande rouge plus \u00e9quilibr\u00e9.<\/p>\n<p>La campagne a \u00e9t\u00e9 lanc\u00e9e en pr\u00e9sence du wali mou\u00e7aid de Nouakchott Ouest, des hakems des moughataas et des maires.<\/p>\n","protected":false},"excerpt":{"rendered":"<p>Les minist\u00e8res du Commerce, du Tourisme et de l&#8217;\u00c9levage ont lanc\u00e9 jeudi \u00e0 Nouakchott une campagne de surveillance des prix de la viande rouge sur les march\u00e9s et dans les points de vente des wilayas de Nouakchott. Cette campagne vise \u00e0 garantir le respect des prix fix\u00e9s et \u00e0 pr\u00e9server le pouvoir d&#8217;achat des citoyens. [&hellip;]<\/p>\n","protected":false},"author":2,"featured_media":301759,"comment_status":"open","ping_status":"open","sticky":false,"template":"","format":"standard","meta":{"footnotes":""},"categories":[63918,9,63957],"tags":[],"class_list":["post-301758","post","type-post","status-publish","format-standard","has-post-thumbnail","hentry","category-autres","category-9","category-fil-dactualite"],"_links":{"self":[{"href":"https:\/\/ami.mr\/fr\/wp-json\/wp\/v2\/posts\/301758","targetHints":{"allow":["GET"]}}],"collection":[{"href":"https:\/\/ami.mr\/fr\/wp-json\/wp\/v2\/posts"}],"about":[{"href":"https:\/\/ami.mr\/fr\/wp-json\/wp\/v2\/types\/post"}],"author":[{"embeddable":true,"href":"https:\/\/ami.mr\/fr\/wp-json\/wp\/v2\/users\/2"}],"replies":[{"embeddable":true,"href":"https:\/\/ami.mr\/fr\/wp-json\/wp\/v2\/comments?post=301758"}],"version-history":[{"count":1,"href":"https:\/\/ami.mr\/fr\/wp-json\/wp\/v2\/posts\/301758\/revisions"}],"predecessor-version":[{"id":301761,"href":"https:\/\/ami.mr\/fr\/wp-json\/wp\/v2\/posts\/301758\/revisions\/301761"}],"wp:featuredmedia":[{"embeddable":true,"href":"https:\/\/ami.mr\/fr\/wp-json\/wp\/v2\/media\/301759"}],"wp:attachment":[{"href":"https:\/\/ami.mr\/fr\/wp-json\/wp\/v2\/media?parent=301758"}],"wp:term":[{"taxonomy":"category","embeddable":true,"href":"https:\/\/ami.mr\/fr\/wp-json\/wp\/v2\/categories?post=301758"},{"taxonomy":"post_tag","embeddable":true,"href":"https:\/\/ami.mr\/fr\/wp-json\/wp\/v2\/tags?post=301758"}],"curies":[{"name":"wp","href":"https:\/\/api.w.org\/{rel}","templated":true}]}}