{"id":301738,"date":"2026-09-02T20:48:26","date_gmt":"2026-09-02T20:48:26","guid":{"rendered":"https:\/\/ami.mr\/fr\/?p=301738"},"modified":"2026-09-02T20:48:26","modified_gmt":"2026-09-02T20:48:26","slug":"au-nom-du-president-de-la-republique-le-wali-de-hodh-el-gharbi-presente-ses-condoleances-a-la-famille-de-feu-dah-ould-sidi-ould-sidi-boune","status":"publish","type":"post","link":"https:\/\/ami.mr\/fr\/archives\/301738","title":{"rendered":"Au nom du Pr\u00e9sident de la R\u00e9publique, le wali de Hodh El Gharbi pr\u00e9sente ses condol\u00e9ances \u00e0 la famille de feu Dah Ould Sidi Ould Sidi Boune"},"content":{"rendered":"<p>Le wali du Hodh El Gharbi, M. Mohamed Ould Ahmed Mouloud, a pr\u00e9sent\u00e9 ses condol\u00e9ances mercredi soir au village d&#8217;Agjert, relevant de la moughataa d&#8217;A\u00efoun, au nom de Son Excellence le Pr\u00e9sident de la R\u00e9publique, M. Mohamed Ould Cheikh El Ghazouani, \u00e0 la famille de feu Dah Ould Sidi Ould Sidi Boune.<\/p>\n<p>Le wali a exprim\u00e9 ses plus sinc\u00e8res condol\u00e9ances et sa profonde sympathie \u00e0 la famille du d\u00e9funt, \u00e0 ses proches et \u00e0 tous les habitants de la municipalit\u00e9 d&#8217;Agjert et de la wilaya du Hodh El Gharbi en g\u00e9n\u00e9ral, suite \u00e0 cette perte tragique.<\/p>\n<p>Il a pri\u00e9 Allah le Tout-Puissant de lui accorder Sa mis\u00e9ricorde et Son pardon, de l&#8217;accueillir en son Paradis et d&#8217;inspirer patience et r\u00e9confort \u00e0 sa famille.<\/p>\n<p>Pour sa part, le porte-parole de la famille du d\u00e9funt, M. Lemrabott Ould Sidi Ould Sidi Boune, a exprim\u00e9 sa gratitude pour ce geste de bienveillance de Son Excellence le Pr\u00e9sident de la R\u00e9publique, transmettant les remerciements de la famille pour cette initiative, qui t\u00e9moigne du soutien du Pr\u00e9sident aux citoyens et de sa solidarit\u00e9 \u00e0 leurs c\u00f4t\u00e9s dans l&#8217;\u00e9preuve.<\/p>\n<p>Le wali \u00e9tait accompagn\u00e9, pour pr\u00e9senter ses condol\u00e9ances, du Pr\u00e9sident de la r\u00e9gion de Hodh El Gharbi, du hakem de la moughataa d&#8217;Aioun, du maire d&#8217;Agjert et de plusieurs autres responsables r\u00e9gionaux et locaux.<\/p>\n","protected":false},"excerpt":{"rendered":"<p>Le wali du Hodh El Gharbi, M. Mohamed Ould Ahmed Mouloud, a pr\u00e9sent\u00e9 ses condol\u00e9ances mercredi soir au village d&#8217;Agjert, relevant de la moughataa d&#8217;A\u00efoun, au nom de Son Excellence le Pr\u00e9sident de la R\u00e9publique, M. Mohamed Ould Cheikh El Ghazouani, \u00e0 la famille de feu Dah Ould Sidi Ould Sidi Boune. Le wali a [&hellip;]<\/p>\n","protected":false},"author":5,"featured_media":301739,"comment_status":"open","ping_status":"open","sticky":false,"template":"","format":"standard","meta":{"footnotes":""},"categories":[63920,63957,8672],"tags":[],"class_list":["post-301738","post","type-post","status-publish","format-standard","has-post-thumbnail","hentry","category-a-la-une","category-fil-dactualite","category-8672"],"_links":{"self":[{"href":"https:\/\/ami.mr\/fr\/wp-json\/wp\/v2\/posts\/301738","targetHints":{"allow":["GET"]}}],"collection":[{"href":"https:\/\/ami.mr\/fr\/wp-json\/wp\/v2\/posts"}],"about":[{"href":"https:\/\/ami.mr\/fr\/wp-json\/wp\/v2\/types\/post"}],"author":[{"embeddable":true,"href":"https:\/\/ami.mr\/fr\/wp-json\/wp\/v2\/users\/5"}],"replies":[{"embeddable":true,"href":"https:\/\/ami.mr\/fr\/wp-json\/wp\/v2\/comments?post=301738"}],"version-history":[{"count":1,"href":"https:\/\/ami.mr\/fr\/wp-json\/wp\/v2\/posts\/301738\/revisions"}],"predecessor-version":[{"id":301740,"href":"https:\/\/ami.mr\/fr\/wp-json\/wp\/v2\/posts\/301738\/revisions\/301740"}],"wp:featuredmedia":[{"embeddable":true,"href":"https:\/\/ami.mr\/fr\/wp-json\/wp\/v2\/media\/301739"}],"wp:attachment":[{"href":"https:\/\/ami.mr\/fr\/wp-json\/wp\/v2\/media?parent=301738"}],"wp:term":[{"taxonomy":"category","embeddable":true,"href":"https:\/\/ami.mr\/fr\/wp-json\/wp\/v2\/categories?post=301738"},{"taxonomy":"post_tag","embeddable":true,"href":"https:\/\/ami.mr\/fr\/wp-json\/wp\/v2\/tags?post=301738"}],"curies":[{"name":"wp","href":"https:\/\/api.w.org\/{rel}","templated":true}]}}