{"id":301735,"date":"2026-09-02T20:24:35","date_gmt":"2026-09-02T20:24:35","guid":{"rendered":"https:\/\/ami.mr\/fr\/?p=301735"},"modified":"2026-09-02T20:24:35","modified_gmt":"2026-09-02T20:24:35","slug":"reunion-du-comite-regional-de-gestion-des-frontieres-au-hodh-el-gharbi","status":"publish","type":"post","link":"https:\/\/ami.mr\/fr\/archives\/301735","title":{"rendered":"R\u00e9union du Comit\u00e9 r\u00e9gional de gestion des fronti\u00e8res au Hodh El Gharbi"},"content":{"rendered":"<p>Le wali du Hodh El Gharbi, M. Mohamed Ould Ahmed Mouloud, a pr\u00e9sid\u00e9 mercredi \u00e0 A\u00efoun la r\u00e9union du Comit\u00e9 r\u00e9gional de gestion des fronti\u00e8res. \u00c9taient pr\u00e9sents \u00e0 cette r\u00e9union les hakems des moughataas frontali\u00e8res et leurs maires, les commandants des unit\u00e9s de s\u00e9curit\u00e9 et des repr\u00e9sentants des villages situ\u00e9s le long de la fronti\u00e8re avec la R\u00e9publique du Mali.<\/p>\n<p>Dans son allocution, le wali a soulign\u00e9 l&#8217;engagement du gouvernement en mati\u00e8re de gestion et de protection des fronti\u00e8res, consid\u00e9rant cela comme un pilier fondamental pour le renforcement de la s\u00e9curit\u00e9 nationale, la consolidation de la stabilit\u00e9 \u00e9conomique et la sauvegarde de la souverainet\u00e9 du pays.<\/p>\n<p>Il a expliqu\u00e9 que cette r\u00e9union, la premi\u00e8re du comit\u00e9 en 2026, vise l&#8217;\u00e9valuation du travail des comit\u00e9s villageois charg\u00e9s de fournir et d&#8217;\u00e9changer des informations avec le comit\u00e9 r\u00e9gional, et \u00e0 appr\u00e9cier le respect de leurs obligations.<\/p>\n<p>Le wali a \u00e9galement soulign\u00e9 les efforts d\u00e9ploy\u00e9s par le gouvernement pour am\u00e9liorer les conditions de vie des habitants des zones frontali\u00e8res et faciliter leur acc\u00e8s aux services essentiels, contribuant ainsi \u00e0 la stabilit\u00e9 et au d\u00e9veloppement de ces r\u00e9gions.<\/p>\n<p>De son c\u00f4t\u00e9, le wali mou\u00e7aid du Hodh El Gharbi, M. Mohamed Abdallahi Fall, a fait un expos\u00e9 dans lequel il a \u00e9voqu\u00e9 le r\u00f4le et les responsabilit\u00e9s du Comit\u00e9 national de gestion des fronti\u00e8res, ainsi que l&#8217;importance de la coordination entre les diff\u00e9rentes parties prenantes pour garantir une gestion efficace des fronti\u00e8res et y renforcer la s\u00e9curit\u00e9.<\/p>\n<p>Le hakem d&#8217;A\u00efoun, le pr\u00e9sident de la r\u00e9gion du Hodh El Gharbi, le maire d&#8217;A\u00efoun et le vice-pr\u00e9sident du Forum r\u00e9gional des organisations de la soci\u00e9t\u00e9 civile ont assist\u00e9 \u00e0 la r\u00e9union.<\/p>\n","protected":false},"excerpt":{"rendered":"<p>Le wali du Hodh El Gharbi, M. Mohamed Ould Ahmed Mouloud, a pr\u00e9sid\u00e9 mercredi \u00e0 A\u00efoun la r\u00e9union du Comit\u00e9 r\u00e9gional de gestion des fronti\u00e8res. \u00c9taient pr\u00e9sents \u00e0 cette r\u00e9union les hakems des moughataas frontali\u00e8res et leurs maires, les commandants des unit\u00e9s de s\u00e9curit\u00e9 et des repr\u00e9sentants des villages situ\u00e9s le long de la fronti\u00e8re [&hellip;]<\/p>\n","protected":false},"author":5,"featured_media":301736,"comment_status":"open","ping_status":"open","sticky":false,"template":"","format":"standard","meta":{"footnotes":""},"categories":[63918,63957,8672],"tags":[],"class_list":["post-301735","post","type-post","status-publish","format-standard","has-post-thumbnail","hentry","category-autres","category-fil-dactualite","category-8672"],"_links":{"self":[{"href":"https:\/\/ami.mr\/fr\/wp-json\/wp\/v2\/posts\/301735","targetHints":{"allow":["GET"]}}],"collection":[{"href":"https:\/\/ami.mr\/fr\/wp-json\/wp\/v2\/posts"}],"about":[{"href":"https:\/\/ami.mr\/fr\/wp-json\/wp\/v2\/types\/post"}],"author":[{"embeddable":true,"href":"https:\/\/ami.mr\/fr\/wp-json\/wp\/v2\/users\/5"}],"replies":[{"embeddable":true,"href":"https:\/\/ami.mr\/fr\/wp-json\/wp\/v2\/comments?post=301735"}],"version-history":[{"count":1,"href":"https:\/\/ami.mr\/fr\/wp-json\/wp\/v2\/posts\/301735\/revisions"}],"predecessor-version":[{"id":301737,"href":"https:\/\/ami.mr\/fr\/wp-json\/wp\/v2\/posts\/301735\/revisions\/301737"}],"wp:featuredmedia":[{"embeddable":true,"href":"https:\/\/ami.mr\/fr\/wp-json\/wp\/v2\/media\/301736"}],"wp:attachment":[{"href":"https:\/\/ami.mr\/fr\/wp-json\/wp\/v2\/media?parent=301735"}],"wp:term":[{"taxonomy":"category","embeddable":true,"href":"https:\/\/ami.mr\/fr\/wp-json\/wp\/v2\/categories?post=301735"},{"taxonomy":"post_tag","embeddable":true,"href":"https:\/\/ami.mr\/fr\/wp-json\/wp\/v2\/tags?post=301735"}],"curies":[{"name":"wp","href":"https:\/\/api.w.org\/{rel}","templated":true}]}}