{"id":301732,"date":"2026-09-02T18:39:32","date_gmt":"2026-09-02T18:39:32","guid":{"rendered":"https:\/\/ami.mr\/fr\/?p=301732"},"modified":"2026-09-02T18:39:32","modified_gmt":"2026-09-02T18:39:32","slug":"la-mauritanie-condamne-lattaque-contre-un-petrolier-saoudien-et-les-actes-hostiles-visant-plusieurs-pays-de-la-region","status":"publish","type":"post","link":"https:\/\/ami.mr\/fr\/archives\/301732","title":{"rendered":"La Mauritanie condamne l&#8217;attaque contre un p\u00e9trolier saoudien et les actes hostiles visant plusieurs pays de la r\u00e9gion"},"content":{"rendered":"<p>La Mauritanie a fermement condamn\u00e9 l&#8217;attaque contre un p\u00e9trolier saoudien alors qu&#8217;il traversait le d\u00e9troit d&#8217;Ormuz, ainsi que les attaques simultan\u00e9es visant les \u00c9mirats arabes unis, le Royaume de Bahre\u00efn, l&#8217;\u00c9tat du Kowe\u00eft et le Royaume hach\u00e9mite de Jordanie.<\/p>\n<p>C\u2019est ce qui ressort d\u2019un communiqu\u00e9 publi\u00e9 mercredi par le minist\u00e8re des Affaires \u00e9trang\u00e8res, de la Coop\u00e9ration africaine et des Mauritaniens de l&#8217;\u00e9tranger, dont voici le texte :<\/p>\n<p>\u00ab Le minist\u00e8re des Affaires \u00e9trang\u00e8res, de la Coop\u00e9ration africaine et des Mauritaniens de l&#8217;\u00e9tranger condamne fermement l&#8217;attaque brutale perp\u00e9tr\u00e9e contre un p\u00e9trolier saoudien lors de sa travers\u00e9e du d\u00e9troit d&#8217;Ormuz, ainsi que les attaques simultan\u00e9es visant les \u00c9mirats arabes unis, le Royaume de Bahre\u00efn, l&#8217;\u00c9tat du Kowe\u00eft et le Royaume hach\u00e9mite de Jordanie.<\/p>\n<p>Tout en r\u00e9affirmant sa pleine solidarit\u00e9 avec ces nations s\u0153urs, la R\u00e9publique islamique de Mauritanie r\u00e9it\u00e8re son rejet cat\u00e9gorique de tout acte hostile mena\u00e7ant la s\u00e9curit\u00e9 et la stabilit\u00e9 de la r\u00e9gion et la s\u00fbret\u00e9 de la navigation internationale.<\/p>\n<p>Nouakchott, le 2 septembre 2026. \u00bb<\/p>\n","protected":false},"excerpt":{"rendered":"<p>La Mauritanie a fermement condamn\u00e9 l&#8217;attaque contre un p\u00e9trolier saoudien alors qu&#8217;il traversait le d\u00e9troit d&#8217;Ormuz, ainsi que les attaques simultan\u00e9es visant les \u00c9mirats arabes unis, le Royaume de Bahre\u00efn, l&#8217;\u00c9tat du Kowe\u00eft et le Royaume hach\u00e9mite de Jordanie. C\u2019est ce qui ressort d\u2019un communiqu\u00e9 publi\u00e9 mercredi par le minist\u00e8re des Affaires \u00e9trang\u00e8res, de la [&hellip;]<\/p>\n","protected":false},"author":5,"featured_media":301733,"comment_status":"open","ping_status":"open","sticky":false,"template":"","format":"standard","meta":{"footnotes":""},"categories":[63920,63957,63959,63927],"tags":[],"class_list":["post-301732","post","type-post","status-publish","format-standard","has-post-thumbnail","hentry","category-a-la-une","category-fil-dactualite","category-mauritanie","category-slider-mauritanie"],"_links":{"self":[{"href":"https:\/\/ami.mr\/fr\/wp-json\/wp\/v2\/posts\/301732","targetHints":{"allow":["GET"]}}],"collection":[{"href":"https:\/\/ami.mr\/fr\/wp-json\/wp\/v2\/posts"}],"about":[{"href":"https:\/\/ami.mr\/fr\/wp-json\/wp\/v2\/types\/post"}],"author":[{"embeddable":true,"href":"https:\/\/ami.mr\/fr\/wp-json\/wp\/v2\/users\/5"}],"replies":[{"embeddable":true,"href":"https:\/\/ami.mr\/fr\/wp-json\/wp\/v2\/comments?post=301732"}],"version-history":[{"count":1,"href":"https:\/\/ami.mr\/fr\/wp-json\/wp\/v2\/posts\/301732\/revisions"}],"predecessor-version":[{"id":301734,"href":"https:\/\/ami.mr\/fr\/wp-json\/wp\/v2\/posts\/301732\/revisions\/301734"}],"wp:featuredmedia":[{"embeddable":true,"href":"https:\/\/ami.mr\/fr\/wp-json\/wp\/v2\/media\/301733"}],"wp:attachment":[{"href":"https:\/\/ami.mr\/fr\/wp-json\/wp\/v2\/media?parent=301732"}],"wp:term":[{"taxonomy":"category","embeddable":true,"href":"https:\/\/ami.mr\/fr\/wp-json\/wp\/v2\/categories?post=301732"},{"taxonomy":"post_tag","embeddable":true,"href":"https:\/\/ami.mr\/fr\/wp-json\/wp\/v2\/tags?post=301732"}],"curies":[{"name":"wp","href":"https:\/\/api.w.org\/{rel}","templated":true}]}}