{"id":301721,"date":"2026-09-02T15:26:03","date_gmt":"2026-09-02T15:26:03","guid":{"rendered":"https:\/\/ami.mr\/fr\/?p=301721"},"modified":"2026-09-02T15:41:41","modified_gmt":"2026-09-02T15:41:41","slug":"le-premier-ministre-preside-une-reunion-consacree-a-la-hausse-des-prix-de-la-viande","status":"publish","type":"post","link":"https:\/\/ami.mr\/fr\/archives\/301721","title":{"rendered":"Le Premier ministre pr\u00e9side une r\u00e9union consacr\u00e9e \u00e0 la hausse des prix de la viande"},"content":{"rendered":"<div class=\"cell auto-size\">\n<div class=\"set-border bd-gray padding10 margin10 no-margin-right no-margin-left \" dir=\"ltr\">\n<p>Le Premier ministre, M. El Mokhtar Ould Diay, a pr\u00e9sid\u00e9, mercredi \u00e0 la Primature, une r\u00e9union consacr\u00e9e \u00e0 l\u2019examen et au traitement de la hausse enregistr\u00e9e r\u00e9cemment des prix de la viande, conform\u00e9ment aux orientations du Pr\u00e9sident de la R\u00e9publique, M. Mohamed Ould Cheikh El Ghazouani, visant \u00e0 prot\u00e9ger le pouvoir d\u2019achat des citoyens et \u00e0 garantir la stabilit\u00e9 des prix de cette denr\u00e9e de premi\u00e8re n\u00e9cessit\u00e9.<\/p>\n<p>Au d\u00e9but de la r\u00e9union, le Premier ministre a indiqu\u00e9 que l\u2019objectif \u00e9tait de corriger les dysfonctionnements constat\u00e9s sur le march\u00e9 de la viande et de veiller au respect des prix convenus, soulignant la n\u00e9cessit\u00e9 d\u2019emp\u00eacher toute pratique susceptible d\u2019entraver leur application effective.<\/p>\n<p>Il a \u00e9galement affirm\u00e9 que l\u2019\u00c9tat veillait \u00e0 prot\u00e9ger les int\u00e9r\u00eats de l\u2019ensemble des acteurs du secteur de la viande, notamment les \u00e9leveurs, les bouchers et les autres intervenants, au m\u00eame titre que ceux des consommateurs, soulignant la n\u00e9cessit\u00e9 de parvenir \u00e0 un \u00e9quilibre entre les int\u00e9r\u00eats des diff\u00e9rentes parties.<\/p>\n<p>\u00c0 l\u2019issue de la r\u00e9union, le Premier ministre a donn\u00e9 des instructions pour la mise en \u0153uvre d\u2019un certain nombre de mesures, notamment :<\/p>\n<p>La cr\u00e9ation d\u2019une commission, plac\u00e9e sous la supervision du ministre du D\u00e9veloppement de l\u2019\u00e9levage et comprenant les diff\u00e9rents acteurs du secteur, notamment les \u00e9leveurs, les bouchers et les repr\u00e9sentants de l\u2019administration locale, afin d\u2019\u0153uvrer \u00e0 l\u2019organisation de la profession et \u00e0 la mise en place d\u2019un cadre clair d\u00e9finissant les responsabilit\u00e9s des diff\u00e9rentes parties, contribuant ainsi \u00e0 r\u00e9guler le march\u00e9 et \u00e0 parvenir \u00e0 des prix appropri\u00e9s.<\/p>\n<p>L\u2019application stricte, par les secteurs concern\u00e9s, des mesures convenues et la lutte contre toute sp\u00e9culation ou hausse injustifi\u00e9e des prix, chaque secteur devant assumer pleinement ses responsabilit\u00e9s dans le traitement des causes de la hausse des prix et la garantie d\u2019un approvisionnement r\u00e9gulier du march\u00e9.<\/p>\n<p>L\u2019extension du plafonnement des prix de la viande \u00e0 toutes les communes du pays avant la fin de la semaine.<\/p>\n<p>Le suivi r\u00e9gulier de la mise en \u0153uvre des d\u00e9cisions prises et la prise de toutes les mesures n\u00e9cessaires \u00e0 leur application.<\/p>\n<\/div>\n<\/div>\n","protected":false},"excerpt":{"rendered":"<p>Le Premier ministre, M. El Mokhtar Ould Diay, a pr\u00e9sid\u00e9, mercredi \u00e0 la Primature, une r\u00e9union consacr\u00e9e \u00e0 l\u2019examen et au traitement de la hausse enregistr\u00e9e r\u00e9cemment des prix de la viande, conform\u00e9ment aux orientations du Pr\u00e9sident de la R\u00e9publique, M. Mohamed Ould Cheikh El Ghazouani, visant \u00e0 prot\u00e9ger le pouvoir d\u2019achat des citoyens et [&hellip;]<\/p>\n","protected":false},"author":16,"featured_media":301724,"comment_status":"open","ping_status":"open","sticky":false,"template":"","format":"standard","meta":{"footnotes":""},"categories":[63919,9,63957,63921,63922],"tags":[],"class_list":["post-301721","post","type-post","status-publish","format-standard","has-post-thumbnail","hentry","category-choix-du-redacteur","category-9","category-fil-dactualite","category-slider-afficher","category-slider-economie"],"_links":{"self":[{"href":"https:\/\/ami.mr\/fr\/wp-json\/wp\/v2\/posts\/301721","targetHints":{"allow":["GET"]}}],"collection":[{"href":"https:\/\/ami.mr\/fr\/wp-json\/wp\/v2\/posts"}],"about":[{"href":"https:\/\/ami.mr\/fr\/wp-json\/wp\/v2\/types\/post"}],"author":[{"embeddable":true,"href":"https:\/\/ami.mr\/fr\/wp-json\/wp\/v2\/users\/16"}],"replies":[{"embeddable":true,"href":"https:\/\/ami.mr\/fr\/wp-json\/wp\/v2\/comments?post=301721"}],"version-history":[{"count":1,"href":"https:\/\/ami.mr\/fr\/wp-json\/wp\/v2\/posts\/301721\/revisions"}],"predecessor-version":[{"id":301723,"href":"https:\/\/ami.mr\/fr\/wp-json\/wp\/v2\/posts\/301721\/revisions\/301723"}],"wp:featuredmedia":[{"embeddable":true,"href":"https:\/\/ami.mr\/fr\/wp-json\/wp\/v2\/media\/301724"}],"wp:attachment":[{"href":"https:\/\/ami.mr\/fr\/wp-json\/wp\/v2\/media?parent=301721"}],"wp:term":[{"taxonomy":"category","embeddable":true,"href":"https:\/\/ami.mr\/fr\/wp-json\/wp\/v2\/categories?post=301721"},{"taxonomy":"post_tag","embeddable":true,"href":"https:\/\/ami.mr\/fr\/wp-json\/wp\/v2\/tags?post=301721"}],"curies":[{"name":"wp","href":"https:\/\/api.w.org\/{rel}","templated":true}]}}