{"id":301718,"date":"2026-09-02T14:26:08","date_gmt":"2026-09-02T14:26:08","guid":{"rendered":"https:\/\/ami.mr\/fr\/?p=301718"},"modified":"2026-09-02T14:26:08","modified_gmt":"2026-09-02T14:26:08","slug":"kaedi-reunion-de-la-cellule-regionale-durgence-pour-examiner-la-problematique-des-lotissements-et-occupations-anarchiques","status":"publish","type":"post","link":"https:\/\/ami.mr\/fr\/archives\/301718","title":{"rendered":"Ka\u00e9di : r\u00e9union de la cellule r\u00e9gionale d\u2019urgence pour examiner la probl\u00e9matique des lotissements et occupations anarchiques"},"content":{"rendered":"<p>Le wali du Gorgol, M. Mohamed El Mokhtar Ould Abdi, a pr\u00e9sid\u00e9 ce mercredi, dans les locaux de la wilaya, une r\u00e9union de la cellule r\u00e9gionale d\u2019urgence consacr\u00e9e \u00e0 l\u2019examen de la probl\u00e9matique des lotissements anarchiques et des occupations irr\u00e9guli\u00e8res dans la partie nord de la ville de Ka\u00e9di.<\/p>\n<p>Le d\u00e9l\u00e9gu\u00e9 r\u00e9gional du minist\u00e8re de l\u2019Habitat et de l\u2019Am\u00e9nagement du territoire, M. Sidi Mohamed Ould Mohamed Salem, a indiqu\u00e9 que la r\u00e9union a port\u00e9 sur la situation des occupations anarchiques qui ont empi\u00e9t\u00e9 sur une partie des parcelles fonci\u00e8res situ\u00e9es dans le p\u00e9rim\u00e8tre du plan d\u2019am\u00e9nagement r\u00e9alis\u00e9 en 2012, dont le suivi avait \u00e9t\u00e9 assur\u00e9 par la Soci\u00e9t\u00e9 mauritanienne des biens immobiliers.<\/p>\n<p>Il a ajout\u00e9 que la r\u00e9union a abouti \u00e0 la proposition de m\u00e9canismes permettant de r\u00e9cup\u00e9rer les parcelles occup\u00e9es et \u00e0 l\u2019\u00e9laboration d\u2019un rapport annuel destin\u00e9 \u00e0 assurer le suivi de la situation. Il a \u00e9galement soulign\u00e9 que les quartiers issus des occupations anarchiques entravent l\u2019extension du r\u00e9seau \u00e9lectrique aux populations concern\u00e9es.<\/p>\n<p>La r\u00e9union s\u2019est d\u00e9roul\u00e9e en pr\u00e9sence du wali adjoint du Gorgol, M. Mohamed Abd El Fattah Hmeity, ainsi que des autorit\u00e9s administratives et s\u00e9curitaires de la wilaya.<\/p>\n","protected":false},"excerpt":{"rendered":"<p>Le wali du Gorgol, M. Mohamed El Mokhtar Ould Abdi, a pr\u00e9sid\u00e9 ce mercredi, dans les locaux de la wilaya, une r\u00e9union de la cellule r\u00e9gionale d\u2019urgence consacr\u00e9e \u00e0 l\u2019examen de la probl\u00e9matique des lotissements anarchiques et des occupations irr\u00e9guli\u00e8res dans la partie nord de la ville de Ka\u00e9di. Le d\u00e9l\u00e9gu\u00e9 r\u00e9gional du minist\u00e8re de [&hellip;]<\/p>\n","protected":false},"author":16,"featured_media":301719,"comment_status":"open","ping_status":"open","sticky":false,"template":"","format":"standard","meta":{"footnotes":""},"categories":[63918,63957,8672],"tags":[],"class_list":["post-301718","post","type-post","status-publish","format-standard","has-post-thumbnail","hentry","category-autres","category-fil-dactualite","category-8672"],"_links":{"self":[{"href":"https:\/\/ami.mr\/fr\/wp-json\/wp\/v2\/posts\/301718","targetHints":{"allow":["GET"]}}],"collection":[{"href":"https:\/\/ami.mr\/fr\/wp-json\/wp\/v2\/posts"}],"about":[{"href":"https:\/\/ami.mr\/fr\/wp-json\/wp\/v2\/types\/post"}],"author":[{"embeddable":true,"href":"https:\/\/ami.mr\/fr\/wp-json\/wp\/v2\/users\/16"}],"replies":[{"embeddable":true,"href":"https:\/\/ami.mr\/fr\/wp-json\/wp\/v2\/comments?post=301718"}],"version-history":[{"count":1,"href":"https:\/\/ami.mr\/fr\/wp-json\/wp\/v2\/posts\/301718\/revisions"}],"predecessor-version":[{"id":301720,"href":"https:\/\/ami.mr\/fr\/wp-json\/wp\/v2\/posts\/301718\/revisions\/301720"}],"wp:featuredmedia":[{"embeddable":true,"href":"https:\/\/ami.mr\/fr\/wp-json\/wp\/v2\/media\/301719"}],"wp:attachment":[{"href":"https:\/\/ami.mr\/fr\/wp-json\/wp\/v2\/media?parent=301718"}],"wp:term":[{"taxonomy":"category","embeddable":true,"href":"https:\/\/ami.mr\/fr\/wp-json\/wp\/v2\/categories?post=301718"},{"taxonomy":"post_tag","embeddable":true,"href":"https:\/\/ami.mr\/fr\/wp-json\/wp\/v2\/tags?post=301718"}],"curies":[{"name":"wp","href":"https:\/\/api.w.org\/{rel}","templated":true}]}}