{"id":301715,"date":"2026-09-02T13:45:30","date_gmt":"2026-09-02T13:45:30","guid":{"rendered":"https:\/\/ami.mr\/fr\/?p=301715"},"modified":"2026-09-02T13:45:30","modified_gmt":"2026-09-02T13:45:30","slug":"aleg-cloture-des-activites-de-la-semaine-nationale-de-la-culture-et-des-arts","status":"publish","type":"post","link":"https:\/\/ami.mr\/fr\/archives\/301715","title":{"rendered":"Aleg : cl\u00f4ture des activit\u00e9s de la Semaine nationale de la culture et des arts"},"content":{"rendered":"<p>Le wali adjoint du Brakna, faisant fonction de wali, M. Mohamed Ahmed El Meni, a supervis\u00e9, mardi soir \u00e0 Aleg, la cl\u00f4ture des activit\u00e9s de la Semaine nationale de la culture et des arts au niveau de la wilaya, dans une ambiance festive refl\u00e9tant la richesse et la diversit\u00e9 du patrimoine culturel et artistique de la wilaya.<\/p>\n<p>La soir\u00e9e de cl\u00f4ture a \u00e9t\u00e9 marqu\u00e9e par un programme artistique et culturel vari\u00e9, comprenant des spectacles folkloriques et musicaux, ainsi que des prestations po\u00e9tiques et litt\u00e9raires, qui ont suscit\u00e9 un vif int\u00e9r\u00eat et recueilli l\u2019appr\u00e9ciation du public.<\/p>\n<p>La c\u00e9r\u00e9monie a \u00e9galement \u00e9t\u00e9 marqu\u00e9e par la remise de prix aux laur\u00e9ats des concours de r\u00e9citation du Saint Coran, de louanges proph\u00e9tiques, de po\u00e9sie classique et populaire, de dialectes locaux, d\u2019arts plastiques et de th\u00e9\u00e2tre, ainsi que du folklore populaire.<\/p>\n<p>Au cours des trois jours de la manifestation, les activit\u00e9s de la Semaine ont enregistr\u00e9 une large participation du public et suscit\u00e9 un int\u00e9r\u00eat notable, contribuant \u00e0 mettre en valeur les talents et les potentialit\u00e9s cr\u00e9atives locales et \u00e0 faire conna\u00eetre la diversit\u00e9 culturelle et artistique dont regorge la wilaya du Brakna.<\/p>\n<p>La c\u00e9r\u00e9monie de cl\u00f4ture s\u2019est d\u00e9roul\u00e9e en pr\u00e9sence du hakem de la moughataa d\u2019Aleg, du maire de la commune d\u2019Aleg, du d\u00e9l\u00e9gu\u00e9 r\u00e9gional du minist\u00e8re de la Culture, des Arts, de la Communication et des Relations avec le Parlement, des chefs des services r\u00e9gionaux de la wilaya, du pr\u00e9sident du Forum r\u00e9gional des organisations de la soci\u00e9t\u00e9 civile, des autorit\u00e9s s\u00e9curitaires de la moughataa d\u2019Aleg, ainsi que d\u2019un grand nombre d\u2019acteurs des milieux culturel et artistique.<\/p>\n","protected":false},"excerpt":{"rendered":"<p>Le wali adjoint du Brakna, faisant fonction de wali, M. Mohamed Ahmed El Meni, a supervis\u00e9, mardi soir \u00e0 Aleg, la cl\u00f4ture des activit\u00e9s de la Semaine nationale de la culture et des arts au niveau de la wilaya, dans une ambiance festive refl\u00e9tant la richesse et la diversit\u00e9 du patrimoine culturel et artistique de [&hellip;]<\/p>\n","protected":false},"author":16,"featured_media":301716,"comment_status":"open","ping_status":"open","sticky":false,"template":"","format":"standard","meta":{"footnotes":""},"categories":[63918,63957,8672],"tags":[],"class_list":["post-301715","post","type-post","status-publish","format-standard","has-post-thumbnail","hentry","category-autres","category-fil-dactualite","category-8672"],"_links":{"self":[{"href":"https:\/\/ami.mr\/fr\/wp-json\/wp\/v2\/posts\/301715","targetHints":{"allow":["GET"]}}],"collection":[{"href":"https:\/\/ami.mr\/fr\/wp-json\/wp\/v2\/posts"}],"about":[{"href":"https:\/\/ami.mr\/fr\/wp-json\/wp\/v2\/types\/post"}],"author":[{"embeddable":true,"href":"https:\/\/ami.mr\/fr\/wp-json\/wp\/v2\/users\/16"}],"replies":[{"embeddable":true,"href":"https:\/\/ami.mr\/fr\/wp-json\/wp\/v2\/comments?post=301715"}],"version-history":[{"count":1,"href":"https:\/\/ami.mr\/fr\/wp-json\/wp\/v2\/posts\/301715\/revisions"}],"predecessor-version":[{"id":301717,"href":"https:\/\/ami.mr\/fr\/wp-json\/wp\/v2\/posts\/301715\/revisions\/301717"}],"wp:featuredmedia":[{"embeddable":true,"href":"https:\/\/ami.mr\/fr\/wp-json\/wp\/v2\/media\/301716"}],"wp:attachment":[{"href":"https:\/\/ami.mr\/fr\/wp-json\/wp\/v2\/media?parent=301715"}],"wp:term":[{"taxonomy":"category","embeddable":true,"href":"https:\/\/ami.mr\/fr\/wp-json\/wp\/v2\/categories?post=301715"},{"taxonomy":"post_tag","embeddable":true,"href":"https:\/\/ami.mr\/fr\/wp-json\/wp\/v2\/tags?post=301715"}],"curies":[{"name":"wp","href":"https:\/\/api.w.org\/{rel}","templated":true}]}}