{"id":301711,"date":"2026-09-02T13:13:34","date_gmt":"2026-09-02T13:13:34","guid":{"rendered":"https:\/\/ami.mr\/fr\/?p=301711"},"modified":"2026-09-02T13:15:19","modified_gmt":"2026-09-02T13:15:19","slug":"kiffa-atelier-de-formation-des-jeunes-sur-les-techniques-de-recherche-demploi","status":"publish","type":"post","link":"https:\/\/ami.mr\/fr\/archives\/301711","title":{"rendered":"Kiffa : atelier de formation des jeunes sur les techniques de recherche d\u2019emploi"},"content":{"rendered":"<p>Le directeur de cabinet du wali de l\u2019Assaba, M. Ahmed Jiddou Ould Cheikh Taleb, a supervis\u00e9, mercredi, dans les locaux de la Maison des jeunes de Kiffa, le lancement d\u2019un atelier de formation sur les techniques de recherche d\u2019emploi, organis\u00e9 par la Coordination g\u00e9n\u00e9rale pour le d\u00e9veloppement du regroupement de villages de Hsey El Bekaye, dans le cadre de la troisi\u00e8me \u00e9dition de la Semaine culturelle et sportive.<\/p>\n<p>D\u2019une dur\u00e9e de deux jours, cet atelier vise \u00e0 renforcer les capacit\u00e9s des jeunes en mati\u00e8re de recherche d\u2019opportunit\u00e9s d\u2019emploi et \u00e0 les informer sur les m\u00e9thodes et proc\u00e9dures d\u2019inscription aux concours nationaux, afin de les aider \u00e0 am\u00e9liorer leurs chances d\u2019acc\u00e8s au march\u00e9 du travail.<\/p>\n<p>Dans une allocution prononc\u00e9e \u00e0 cette occasion, le directeur de cabinet du wali de l\u2019Assaba a soulign\u00e9 l\u2019importance de cette initiative et souhait\u00e9 aux participants de tirer pleinement profit de cette formation.<\/p>\n<p>De son c\u00f4t\u00e9, le maire adjoint de la commune de Kiffa, M. Sid\u2019 Ahmed Ould Mohamed Lemine, a souhait\u00e9 la bienvenue aux participants et leur a souhait\u00e9 plein succ\u00e8s dans cette formation.<\/p>\n<p>Le lancement de l\u2019atelier s\u2019est d\u00e9roul\u00e9 en pr\u00e9sence du d\u00e9l\u00e9gu\u00e9 r\u00e9gional du minist\u00e8re de l\u2019Autonomisation des jeunes, de l\u2019Emploi, des Sports et du Service civique, M. Abdallah Ould Ely, de la pr\u00e9sidente de la Coordination g\u00e9n\u00e9rale pour le d\u00e9veloppement du regroupement de villages de Hsey El Bekaye, l\u2019ambassadrice A\u00efcha Vall Verges, ainsi que de plusieurs membres de la coordination.<\/p>\n","protected":false},"excerpt":{"rendered":"<p>Le directeur de cabinet du wali de l\u2019Assaba, M. Ahmed Jiddou Ould Cheikh Taleb, a supervis\u00e9, mercredi, dans les locaux de la Maison des jeunes de Kiffa, le lancement d\u2019un atelier de formation sur les techniques de recherche d\u2019emploi, organis\u00e9 par la Coordination g\u00e9n\u00e9rale pour le d\u00e9veloppement du regroupement de villages de Hsey El Bekaye, [&hellip;]<\/p>\n","protected":false},"author":16,"featured_media":301712,"comment_status":"open","ping_status":"open","sticky":false,"template":"","format":"standard","meta":{"footnotes":""},"categories":[63918,63957,8672],"tags":[],"class_list":["post-301711","post","type-post","status-publish","format-standard","has-post-thumbnail","hentry","category-autres","category-fil-dactualite","category-8672"],"_links":{"self":[{"href":"https:\/\/ami.mr\/fr\/wp-json\/wp\/v2\/posts\/301711","targetHints":{"allow":["GET"]}}],"collection":[{"href":"https:\/\/ami.mr\/fr\/wp-json\/wp\/v2\/posts"}],"about":[{"href":"https:\/\/ami.mr\/fr\/wp-json\/wp\/v2\/types\/post"}],"author":[{"embeddable":true,"href":"https:\/\/ami.mr\/fr\/wp-json\/wp\/v2\/users\/16"}],"replies":[{"embeddable":true,"href":"https:\/\/ami.mr\/fr\/wp-json\/wp\/v2\/comments?post=301711"}],"version-history":[{"count":2,"href":"https:\/\/ami.mr\/fr\/wp-json\/wp\/v2\/posts\/301711\/revisions"}],"predecessor-version":[{"id":301714,"href":"https:\/\/ami.mr\/fr\/wp-json\/wp\/v2\/posts\/301711\/revisions\/301714"}],"wp:featuredmedia":[{"embeddable":true,"href":"https:\/\/ami.mr\/fr\/wp-json\/wp\/v2\/media\/301712"}],"wp:attachment":[{"href":"https:\/\/ami.mr\/fr\/wp-json\/wp\/v2\/media?parent=301711"}],"wp:term":[{"taxonomy":"category","embeddable":true,"href":"https:\/\/ami.mr\/fr\/wp-json\/wp\/v2\/categories?post=301711"},{"taxonomy":"post_tag","embeddable":true,"href":"https:\/\/ami.mr\/fr\/wp-json\/wp\/v2\/tags?post=301711"}],"curies":[{"name":"wp","href":"https:\/\/api.w.org\/{rel}","templated":true}]}}