{"id":301701,"date":"2026-09-02T11:55:50","date_gmt":"2026-09-02T11:55:50","guid":{"rendered":"https:\/\/ami.mr\/fr\/?p=301701"},"modified":"2026-09-02T12:26:32","modified_gmt":"2026-09-02T12:26:32","slug":"tajkja-coup-denvoi-de-la-quatrieme-edition-de-la-semaine-de-la-louange-du-prophete-psl","status":"publish","type":"post","link":"https:\/\/ami.mr\/fr\/archives\/301701","title":{"rendered":"Tidjikja: coup d\u2019envoi de la quatri\u00e8me \u00e9dition de la Semaine de la louange du Proph\u00e8te (PSL)"},"content":{"rendered":"<p>La quatri\u00e8me \u00e9dition de la Semaine de la louange du Proph\u00e8te (PSL) a d\u00e9but\u00e9 mardi soir \u00e0 Tidjikja, en pr\u00e9sence du directeur de cabinet du wali du Tagant, M. El-Houssein Ould Hbibi, et du pr\u00e9sident du Conseil r\u00e9gional du Tagant, M. Mohamed Ould Biha.<\/p>\n<p>La premi\u00e8re soir\u00e9e de cette semaine a \u00e9t\u00e9 marqu\u00e9e par une conf\u00e9rence intitul\u00e9e \u00abLes qualit\u00e9s du Proph\u00e8te Mohamed (PSL)\u00bb, ainsi que par des chants de louange au Proph\u00e8te, interpr\u00e9t\u00e9s par plusieurs groupes venus de Nouakchott et de certaines r\u00e9gions de la wilaya du Tagant.<\/p>\n<p>Dans un discours prononc\u00e9 \u00e0 cette occasion, le directeur de cabinet du wali a soulign\u00e9 que l\u2019organisation de cet \u00e9v\u00e9nement vise \u00e0 c\u00e9l\u00e9brer la vie du Proph\u00e8te (PSL) et \u00e0 rappeler ses nobles qualit\u00e9s ainsi que les valeurs de foi, de mis\u00e9ricorde, de tol\u00e9rance, de fraternit\u00e9 et de bonnes m\u0153urs incarn\u00e9es par sa vie exemplaire.<\/p>\n<p>Il a ajout\u00e9 que cette manifestation tire son importance de la place bien ancr\u00e9e qu\u2019occupent les louanges proph\u00e9tiques dans la conscience de notre soci\u00e9t\u00e9 et dans son patrimoine culturel et religieux, ainsi que des opportunit\u00e9s qu\u2019elle offre de faire conna\u00eetre aux g\u00e9n\u00e9rations la vie du Saint Proph\u00e8te et de mettre en valeur la richesse du patrimoine scientifique, litt\u00e9raire et culturel de notre pays.<\/p>\n<p>Il a soulign\u00e9 que l\u2019organisation de cette manifestation consacr\u00e9e aux louanges proph\u00e9tiques s\u2019inscrit dans le cadre de l\u2019attention accord\u00e9e par Son Excellence le Pr\u00e9sident de la R\u00e9publique, M. Mohamed Ould Cheikh El Ghazouani, \u00e0 l\u2019enracinement de nos valeurs religieuses et culturelles, \u00e0 la pr\u00e9servation de notre patrimoine civilisationnel et \u00e0 la promotion des valeurs nobles qui unissent les fils de notre patrie, notamment la tol\u00e9rance, la coop\u00e9ration, la fraternit\u00e9, la solidarit\u00e9 et la mod\u00e9ration.<\/p>\n<p>De son c\u00f4t\u00e9, le maire de la commune de Tidjikja, M. Jidou Ould Manaba, a salu\u00e9 cette initiative qui rassemble les c\u0153urs autour de l\u2019amour du Proph\u00e8te (PSL).<\/p>\n<p>La pr\u00e9sidente de l\u2019\u00abOrganisation de la Semaine des louanges proph\u00e9tiques\u2013 Lekrifa Tidjikja\u00bb, Mme Khadija Mint Abdel Jelil, avait indiqu\u00e9 auparavant, dans son discours, que l\u2019organisation de cette \u00e9dition s\u2019inscrivait cette ann\u00e9e dans le cadre des directives de Son Excellence le Pr\u00e9sident de la R\u00e9publique, M. Mohamed Ould Cheikh El Ghazouani, visant \u00e0 encourager le tourisme int\u00e9rieur.<\/p>\n","protected":false},"excerpt":{"rendered":"<p>La quatri\u00e8me \u00e9dition de la Semaine de la louange du Proph\u00e8te (PSL) a d\u00e9but\u00e9 mardi soir \u00e0 Tidjikja, en pr\u00e9sence du directeur de cabinet du wali du Tagant, M. El-Houssein Ould Hbibi, et du pr\u00e9sident du Conseil r\u00e9gional du Tagant, M. Mohamed Ould Biha. La premi\u00e8re soir\u00e9e de cette semaine a \u00e9t\u00e9 marqu\u00e9e par une [&hellip;]<\/p>\n","protected":false},"author":2,"featured_media":301702,"comment_status":"open","ping_status":"open","sticky":false,"template":"","format":"standard","meta":{"footnotes":""},"categories":[63918,63957,8672],"tags":[],"class_list":["post-301701","post","type-post","status-publish","format-standard","has-post-thumbnail","hentry","category-autres","category-fil-dactualite","category-8672"],"_links":{"self":[{"href":"https:\/\/ami.mr\/fr\/wp-json\/wp\/v2\/posts\/301701","targetHints":{"allow":["GET"]}}],"collection":[{"href":"https:\/\/ami.mr\/fr\/wp-json\/wp\/v2\/posts"}],"about":[{"href":"https:\/\/ami.mr\/fr\/wp-json\/wp\/v2\/types\/post"}],"author":[{"embeddable":true,"href":"https:\/\/ami.mr\/fr\/wp-json\/wp\/v2\/users\/2"}],"replies":[{"embeddable":true,"href":"https:\/\/ami.mr\/fr\/wp-json\/wp\/v2\/comments?post=301701"}],"version-history":[{"count":4,"href":"https:\/\/ami.mr\/fr\/wp-json\/wp\/v2\/posts\/301701\/revisions"}],"predecessor-version":[{"id":301706,"href":"https:\/\/ami.mr\/fr\/wp-json\/wp\/v2\/posts\/301701\/revisions\/301706"}],"wp:featuredmedia":[{"embeddable":true,"href":"https:\/\/ami.mr\/fr\/wp-json\/wp\/v2\/media\/301702"}],"wp:attachment":[{"href":"https:\/\/ami.mr\/fr\/wp-json\/wp\/v2\/media?parent=301701"}],"wp:term":[{"taxonomy":"category","embeddable":true,"href":"https:\/\/ami.mr\/fr\/wp-json\/wp\/v2\/categories?post=301701"},{"taxonomy":"post_tag","embeddable":true,"href":"https:\/\/ami.mr\/fr\/wp-json\/wp\/v2\/tags?post=301701"}],"curies":[{"name":"wp","href":"https:\/\/api.w.org\/{rel}","templated":true}]}}