{"id":301693,"date":"2026-09-02T11:02:47","date_gmt":"2026-09-02T11:02:47","guid":{"rendered":"https:\/\/ami.mr\/fr\/?p=301693"},"modified":"2026-09-02T21:17:41","modified_gmt":"2026-09-02T21:17:41","slug":"hod-el-gharbi-lancement-de-la-semaine-nationale-de-la-culture-et-des-arts","status":"publish","type":"post","link":"https:\/\/ami.mr\/fr\/archives\/301693","title":{"rendered":"Hodh El Gharbi: Lancement de la semaine nationale de la culture et des arts"},"content":{"rendered":"<p>Le wali du Hodh El Gharbi, M. Mohamed Ould Ahmed Mouloud, a supervis\u00e9, mardi soir \u00e0 A\u00efoun, le lancement de la Semaine nationale de la culture et des arts, organis\u00e9e sous le th\u00e8me \u00ab Vos vacances : culture et tourisme\u00bb.<\/p>\n<p>Les activit\u00e9s de cette semaine consistent en un programme culturel et artistique vari\u00e9, comprenant des spectacles folkloriques, des concours de m\u00e9morisation et de r\u00e9citation du Coran, des louanges au Proph\u00e8te, ainsi que des concours de po\u00e9sie classique et populaire dans les diff\u00e9rentes langues nationales, en plus de concours d\u2019arts plastiques.<\/p>\n<p>Elles comprennent \u00e9galement des soir\u00e9es artistiques et culturelles ainsi que diverses expositions, avec la participation des diff\u00e9rentes moughataas de la wilaya, des conf\u00e9rences et des colloques abordant un certain nombre de questions nationales, parmi lesquelles figuraient notamment le renforcement de la coh\u00e9sion nationale, l\u2019\u00e9limination des disparit\u00e9s sociales, l\u2019importance du tourisme int\u00e9rieur et l\u2019encouragement des citoyens \u00e0 passer leurs vacances dans le pays.<\/p>\n<p>Dans un discours prononc\u00e9 \u00e0 cette occasion, le wali du Hodh El-Gharbi a soulign\u00e9 que l\u2019organisation de ces journ\u00e9es culturelles s\u2019inscrit dans la ligne g\u00e9n\u00e9rale de l\u2019\u00c9tat visant \u00e0 soutenir la culture nationale, \u00e0 ancrer les valeurs de citoyennet\u00e9 et d\u2019unit\u00e9 nationale, \u00e0 encourager la cr\u00e9ativit\u00e9, \u00e0 prot\u00e9ger le patrimoine et \u00e0 faire de la culture un levier de d\u00e9veloppement et de coh\u00e9sion sociale.<\/p>\n<p>Il a ajout\u00e9 que cet \u00e9v\u00e9nement constitue une occasion importante de dynamiser la vie culturelle dans la wilaya, de faire conna\u00eetre ses atouts historiques et patrimoniaux, et de lier la culture au d\u00e9veloppement local, ce qui contribue \u00e0 cr\u00e9er de nouvelles opportunit\u00e9s pour les jeunes et encourage les initiatives et les projets li\u00e9s aux industries et aux m\u00e9tiers traditionnels.<\/p>\n<p>Le wali a soulign\u00e9 que la pr\u00e9servation de la culture et du patrimoine est une responsabilit\u00e9 collective qui commence au sein de la famille et \u00e0 l\u2019\u00e9cole, et s\u2019\u00e9tend aux institutions culturelles et administratives ainsi qu\u2019\u00e0 la soci\u00e9t\u00e9 civile, insistant sur la n\u00e9cessit\u00e9 d\u2019offrir aux jeunes un espace plus large pour la participation et la cr\u00e9ativit\u00e9.<\/p>\n<p>Pour sa part, le pr\u00e9sident du Conseil r\u00e9gional de la wilaya du Hodh El Gharbi, M. Jamal Ould Mohamed, a soulign\u00e9 que cet \u00e9v\u00e9nement national majeur refl\u00e8te l\u2019attention que Son Excellence le Pr\u00e9sident de la R\u00e9publique accorde \u00e0 la culture, aux arts et \u00e0 la jeunesse, qu\u2019il consid\u00e8re comme des piliers essentiels de la construction de la soci\u00e9t\u00e9 et de l\u2019avenir de la nation.<\/p>\n<p>Il a pr\u00e9cis\u00e9 que l\u2019organisation de cette semaine constituait une occasion pr\u00e9cieuse de mettre en valeur la riche diversit\u00e9 culturelle et artistique de notre pays, de faire conna\u00eetre son patrimoine culturel authentique et de consolider les valeurs d\u2019unit\u00e9, de fraternit\u00e9 et de coh\u00e9sion entre les diff\u00e9rentes composantes du peuple mauritanien.<\/p>\n<p>Il a salu\u00e9 les efforts d\u00e9ploy\u00e9s par les autorit\u00e9s administratives et le secteur charg\u00e9 de la culture, ainsi que par les diff\u00e9rents partenaires, acteurs culturels et organisations de la soci\u00e9t\u00e9 civile, pour assurer le succ\u00e8s de cet \u00e9v\u00e9nement et la r\u00e9alisation de ses objectifs.<\/p>\n<p>De son c\u00f4t\u00e9, le d\u00e9l\u00e9gu\u00e9 r\u00e9gional \u00e0 la culture, aux arts, \u00e0 la communication et aux relations avec le Parlement, M. Cheikh Sidi Mohamed Ould El-Yamani, a pr\u00e9cis\u00e9 que l\u2019organisation de la Semaine nationale de la culture et des arts, dans son \u00e9dition 2026, s\u2019inscrit dans le cadre des efforts d\u00e9ploy\u00e9s par l\u2019\u00c9tat pour valoriser et promouvoir la culture et les arts.<\/p>\n<p>Il a ajout\u00e9 que l\u2019organisation de cette \u00e9dition s\u2019inscrit dans la lign\u00e9e des directives de Son Excellence le Pr\u00e9sident de la R\u00e9publique, M. Mohamed Ould Cheikh El Ghazouani, visant \u00e0 mettre \u00e0 profit les vacances d\u2019\u00e9t\u00e9 pour d\u00e9couvrir les diff\u00e9rentes r\u00e9gions du pays, se familiariser avec ses atouts touristiques vari\u00e9s et passer ces vacances en famille et entre amis.<\/p>\n<p>Il a soulign\u00e9 que la Semaine nationale de la culture et des arts, au niveau de la wilaya du Hodh El Gharbi, constitue une initiative concr\u00e8te qui incarne la vision de d\u00e9veloppement et met en valeur la richesse du patrimoine culturel et civilisationnel ainsi que les atouts touristiques de la wilaya, ce qui en fait une destination prometteuse pour les amateurs de culture, de d\u00e9tente et de paysages naturels.<\/p>\n<p>De son c\u00f4t\u00e9, la maire adjointe de la commune d\u2019A\u00efoun, Mme Fatimetou Mohamed Mokhtar Chenouf, a salu\u00e9 l\u2019organisation de cet \u00e9v\u00e9nement culturel, soulignant son r\u00f4le dans le renforcement de l\u2019unit\u00e9 nationale et la consolidation des valeurs citoyennes.<\/p>\n<p>La c\u00e9r\u00e9monie de lancement s\u2019est d\u00e9roul\u00e9e en pr\u00e9sence du hakem de la moughataa d\u2019Aioun, de plusieurs responsables des services r\u00e9gionaux, du pr\u00e9sident du Forum r\u00e9gional des organisations de la soci\u00e9t\u00e9 civile, ainsi que des autorit\u00e9s militaires et de s\u00e9curit\u00e9 de la moughataa.<\/p>\n","protected":false},"excerpt":{"rendered":"<p>Le wali du Hodh El Gharbi, M. Mohamed Ould Ahmed Mouloud, a supervis\u00e9, mardi soir \u00e0 A\u00efoun, le lancement de la Semaine nationale de la culture et des arts, organis\u00e9e sous le th\u00e8me \u00ab Vos vacances : culture et tourisme\u00bb. Les activit\u00e9s de cette semaine consistent en un programme culturel et artistique vari\u00e9, comprenant des [&hellip;]<\/p>\n","protected":false},"author":2,"featured_media":301694,"comment_status":"open","ping_status":"open","sticky":false,"template":"","format":"standard","meta":{"footnotes":""},"categories":[63918,63957,8672],"tags":[],"class_list":["post-301693","post","type-post","status-publish","format-standard","has-post-thumbnail","hentry","category-autres","category-fil-dactualite","category-8672"],"_links":{"self":[{"href":"https:\/\/ami.mr\/fr\/wp-json\/wp\/v2\/posts\/301693","targetHints":{"allow":["GET"]}}],"collection":[{"href":"https:\/\/ami.mr\/fr\/wp-json\/wp\/v2\/posts"}],"about":[{"href":"https:\/\/ami.mr\/fr\/wp-json\/wp\/v2\/types\/post"}],"author":[{"embeddable":true,"href":"https:\/\/ami.mr\/fr\/wp-json\/wp\/v2\/users\/2"}],"replies":[{"embeddable":true,"href":"https:\/\/ami.mr\/fr\/wp-json\/wp\/v2\/comments?post=301693"}],"version-history":[{"count":2,"href":"https:\/\/ami.mr\/fr\/wp-json\/wp\/v2\/posts\/301693\/revisions"}],"predecessor-version":[{"id":301742,"href":"https:\/\/ami.mr\/fr\/wp-json\/wp\/v2\/posts\/301693\/revisions\/301742"}],"wp:featuredmedia":[{"embeddable":true,"href":"https:\/\/ami.mr\/fr\/wp-json\/wp\/v2\/media\/301694"}],"wp:attachment":[{"href":"https:\/\/ami.mr\/fr\/wp-json\/wp\/v2\/media?parent=301693"}],"wp:term":[{"taxonomy":"category","embeddable":true,"href":"https:\/\/ami.mr\/fr\/wp-json\/wp\/v2\/categories?post=301693"},{"taxonomy":"post_tag","embeddable":true,"href":"https:\/\/ami.mr\/fr\/wp-json\/wp\/v2\/tags?post=301693"}],"curies":[{"name":"wp","href":"https:\/\/api.w.org\/{rel}","templated":true}]}}