{"id":301683,"date":"2026-09-01T16:10:29","date_gmt":"2026-09-01T16:10:29","guid":{"rendered":"https:\/\/ami.mr\/fr\/?p=301683"},"modified":"2026-09-01T16:10:29","modified_gmt":"2026-09-01T16:10:29","slug":"le-president-de-la-republique-felicite-son-homologue-vietnamien-6","status":"publish","type":"post","link":"https:\/\/ami.mr\/fr\/archives\/301683","title":{"rendered":"Le Pr\u00e9sident de la R\u00e9publique f\u00e9licite son homologue vietnamien"},"content":{"rendered":"<p>Son Excellence le Pr\u00e9sident de la R\u00e9publique, M. Mohamed Ould Cheikh El Ghazouani, a adress\u00e9 mardi un message de f\u00e9licitations \u00e0 Son Excellence M. To Lam, Pr\u00e9sident de la R\u00e9publique socialiste du Vietnam, \u00e0 l&#8217;occasion de la F\u00eate nationale de son pays.<\/p>\n<p>Ce message est ainsi libell\u00e9:<\/p>\n<p>\u00abExcellence,<\/p>\n<p>\u00c0 l&#8217;occasion de la F\u00eate nationale de votre pays, j&#8217;ai le plaisir de vous adresser mes plus chaleureuses f\u00e9licitations et de souhaiter au peuple vietnamien ami toujours plus de progr\u00e8s et de prosp\u00e9rit\u00e9. Je vous assure \u00e9galement de notre enti\u00e8re volont\u00e9 de poursuivre le d\u00e9veloppement de la coop\u00e9ration entre nos deux pays, au service des int\u00e9r\u00eats de nos deux peuples amis.<\/p>\n<p>Veuillez agr\u00e9er, Excellence, l&#8217;expression de ma tr\u00e8s haute consid\u00e9ration.<\/p>\n<p>Mohamed Ould Cheikh El Ghazouani\u00bb.<\/p>\n","protected":false},"excerpt":{"rendered":"<p>Son Excellence le Pr\u00e9sident de la R\u00e9publique, M. Mohamed Ould Cheikh El Ghazouani, a adress\u00e9 mardi un message de f\u00e9licitations \u00e0 Son Excellence M. To Lam, Pr\u00e9sident de la R\u00e9publique socialiste du Vietnam, \u00e0 l&#8217;occasion de la F\u00eate nationale de son pays. Ce message est ainsi libell\u00e9: \u00abExcellence, \u00c0 l&#8217;occasion de la F\u00eate nationale de [&hellip;]<\/p>\n","protected":false},"author":2,"featured_media":301684,"comment_status":"open","ping_status":"open","sticky":false,"template":"","format":"standard","meta":{"footnotes":""},"categories":[63919,63957,25,63921,63926],"tags":[],"class_list":["post-301683","post","type-post","status-publish","format-standard","has-post-thumbnail","hentry","category-choix-du-redacteur","category-fil-dactualite","category-25","category-slider-afficher","category-slider-general"],"_links":{"self":[{"href":"https:\/\/ami.mr\/fr\/wp-json\/wp\/v2\/posts\/301683","targetHints":{"allow":["GET"]}}],"collection":[{"href":"https:\/\/ami.mr\/fr\/wp-json\/wp\/v2\/posts"}],"about":[{"href":"https:\/\/ami.mr\/fr\/wp-json\/wp\/v2\/types\/post"}],"author":[{"embeddable":true,"href":"https:\/\/ami.mr\/fr\/wp-json\/wp\/v2\/users\/2"}],"replies":[{"embeddable":true,"href":"https:\/\/ami.mr\/fr\/wp-json\/wp\/v2\/comments?post=301683"}],"version-history":[{"count":1,"href":"https:\/\/ami.mr\/fr\/wp-json\/wp\/v2\/posts\/301683\/revisions"}],"predecessor-version":[{"id":301685,"href":"https:\/\/ami.mr\/fr\/wp-json\/wp\/v2\/posts\/301683\/revisions\/301685"}],"wp:featuredmedia":[{"embeddable":true,"href":"https:\/\/ami.mr\/fr\/wp-json\/wp\/v2\/media\/301684"}],"wp:attachment":[{"href":"https:\/\/ami.mr\/fr\/wp-json\/wp\/v2\/media?parent=301683"}],"wp:term":[{"taxonomy":"category","embeddable":true,"href":"https:\/\/ami.mr\/fr\/wp-json\/wp\/v2\/categories?post=301683"},{"taxonomy":"post_tag","embeddable":true,"href":"https:\/\/ami.mr\/fr\/wp-json\/wp\/v2\/tags?post=301683"}],"curies":[{"name":"wp","href":"https:\/\/api.w.org\/{rel}","templated":true}]}}