{"id":301678,"date":"2026-09-01T14:15:26","date_gmt":"2026-09-01T14:15:26","guid":{"rendered":"https:\/\/ami.mr\/fr\/?p=301678"},"modified":"2026-09-01T14:15:26","modified_gmt":"2026-09-01T14:15:26","slug":"le-ministre-de-lagriculture-discute-avec-une-mission-italienne-de-la-creation-dun-projet-commun-pour-la-culture-du-ble","status":"publish","type":"post","link":"https:\/\/ami.mr\/fr\/archives\/301678","title":{"rendered":"Le ministre de l&#8217;Agriculture discute avec une mission italienne de la cr\u00e9ation d&#8217;un projet commun pour la culture du bl\u00e9"},"content":{"rendered":"<p>Le ministre de l&#8217;Agriculture et de la Souverainet\u00e9 Alimentaire, M. Mohamedou Ahmedou Mhaimid, a re\u00e7u mardi dans son bureau \u00e0 Nouakchott, une d\u00e9l\u00e9gation italienne comprenant des repr\u00e9sentants des entreprises italiennes (B.F.I) et (SIHAM).<\/p>\n<p>La visite de la mission s&#8217;inscrit dans le cadre de la coop\u00e9ration italo-africaine (M.T.T.E.I), o\u00f9 la rencontre a abord\u00e9 les moyens de cr\u00e9er un projet mauritano-italien conjoint entre la Soci\u00e9t\u00e9 Nationale de D\u00e9veloppement Rural &#8220;SONADER&#8221; et la soci\u00e9t\u00e9 italienne (B.F.I).<\/p>\n<p>Selon le projet propos\u00e9, l&#8217;entreprise italienne financera 50% du projet, tandis que notre pays prendra en charge les 50% restants dont la moiti\u00e9 sera financ\u00e9e encore par la coop\u00e9ration italienne, dans le cadre d&#8217;un appui au gouvernement mauritanien et d&#8217;un financement gratuit.<\/p>\n<p>Le projet devrait inclure la r\u00e9habilitation de 10 \u00e0 20 mille hectares dans la wilaya du Brakna, par le creusement d&#8217;un nouveau canal pr\u00e8s de la ville de Bogh\u00e9, la partie mauritanienne devant r\u00e9aliser cette section ult\u00e9rieurement.<\/p>\n<p>Le projet attendu devrait contribuer \u00e0 l&#8217;introduction de la culture et de la production de bl\u00e9 dans le syst\u00e8me agricole national, en tant que culture strat\u00e9gique qui fait encore d\u00e9faut dans les r\u00e9coltes agricoles du pays, malgr\u00e9 l&#8217;ampleur de sa consommation locale.<\/p>\n<p>Le projet comprend \u00e9galement la cr\u00e9ation d&#8217;une ligne de cr\u00e9dit pour am\u00e9liorer la production de semences de riz et de bl\u00e9, ainsi que le d\u00e9veloppement de la culture du bl\u00e9 et des l\u00e9gumes, ce qui renforce la diversification de la production agricole et augmente la rentabilit\u00e9 du secteur.<\/p>\n<p>La rencontre s&#8217;est tenue en pr\u00e9sence du secr\u00e9taire g\u00e9n\u00e9ral du minist\u00e8re de l&#8217;Agriculture et de la souverainet\u00e9 alimentaire, M. Ahmed Salem Ould El Arbi, du directeur g\u00e9n\u00e9ral de la Soci\u00e9t\u00e9 nationale de d\u00e9veloppement rural &#8220;SONADER&#8221;, M. Hamada Ould Didi, et de plusieurs responsables du minist\u00e8re.<\/p>\n<p>&nbsp;<\/p>\n","protected":false},"excerpt":{"rendered":"<p>Le ministre de l&#8217;Agriculture et de la Souverainet\u00e9 Alimentaire, M. Mohamedou Ahmedou Mhaimid, a re\u00e7u mardi dans son bureau \u00e0 Nouakchott, une d\u00e9l\u00e9gation italienne comprenant des repr\u00e9sentants des entreprises italiennes (B.F.I) et (SIHAM). La visite de la mission s&#8217;inscrit dans le cadre de la coop\u00e9ration italo-africaine (M.T.T.E.I), o\u00f9 la rencontre a abord\u00e9 les moyens de [&hellip;]<\/p>\n","protected":false},"author":2,"featured_media":301679,"comment_status":"open","ping_status":"open","sticky":false,"template":"","format":"standard","meta":{"footnotes":""},"categories":[63920,63919,9,63957,63922],"tags":[],"class_list":["post-301678","post","type-post","status-publish","format-standard","has-post-thumbnail","hentry","category-a-la-une","category-choix-du-redacteur","category-9","category-fil-dactualite","category-slider-economie"],"_links":{"self":[{"href":"https:\/\/ami.mr\/fr\/wp-json\/wp\/v2\/posts\/301678","targetHints":{"allow":["GET"]}}],"collection":[{"href":"https:\/\/ami.mr\/fr\/wp-json\/wp\/v2\/posts"}],"about":[{"href":"https:\/\/ami.mr\/fr\/wp-json\/wp\/v2\/types\/post"}],"author":[{"embeddable":true,"href":"https:\/\/ami.mr\/fr\/wp-json\/wp\/v2\/users\/2"}],"replies":[{"embeddable":true,"href":"https:\/\/ami.mr\/fr\/wp-json\/wp\/v2\/comments?post=301678"}],"version-history":[{"count":1,"href":"https:\/\/ami.mr\/fr\/wp-json\/wp\/v2\/posts\/301678\/revisions"}],"predecessor-version":[{"id":301680,"href":"https:\/\/ami.mr\/fr\/wp-json\/wp\/v2\/posts\/301678\/revisions\/301680"}],"wp:featuredmedia":[{"embeddable":true,"href":"https:\/\/ami.mr\/fr\/wp-json\/wp\/v2\/media\/301679"}],"wp:attachment":[{"href":"https:\/\/ami.mr\/fr\/wp-json\/wp\/v2\/media?parent=301678"}],"wp:term":[{"taxonomy":"category","embeddable":true,"href":"https:\/\/ami.mr\/fr\/wp-json\/wp\/v2\/categories?post=301678"},{"taxonomy":"post_tag","embeddable":true,"href":"https:\/\/ami.mr\/fr\/wp-json\/wp\/v2\/tags?post=301678"}],"curies":[{"name":"wp","href":"https:\/\/api.w.org\/{rel}","templated":true}]}}