{"id":301670,"date":"2026-09-01T09:52:32","date_gmt":"2026-09-01T09:52:32","guid":{"rendered":"https:\/\/ami.mr\/fr\/?p=301670"},"modified":"2026-09-01T09:52:32","modified_gmt":"2026-09-01T09:52:32","slug":"retour-a-nouakchott-du-ministre-de-la-defense-6","status":"publish","type":"post","link":"https:\/\/ami.mr\/fr\/archives\/301670","title":{"rendered":"Retour \u00e0 Nouakchott du ministre de la D\u00e9fense"},"content":{"rendered":"<p>Le ministre de la D\u00e9fense, des Retrait\u00e9s et des Enfants des Martyrs, M. Hanena Ould Sidi, a regagn\u00e9 Nouakchott mardi matin, en provenance d&#8217;Angola, apr\u00e8s avoir repr\u00e9sent\u00e9 Son Excellence le Pr\u00e9sident de la R\u00e9publique, M. Mohamed Ould Cheikh El Ghazouani, au Sommet extraordinaire de l&#8217;Union africaine, qui s&#8217;est tenu les 29 et 30 ao\u00fbt 2026 \u00e0 Luanda, la capitale.<\/p>\n<p>Le sommet a port\u00e9 sur les moyens de renforcer les m\u00e9canismes de pr\u00e9vention et de r\u00e9solution des conflits en Afrique.<\/p>\n","protected":false},"excerpt":{"rendered":"<p>Le ministre de la D\u00e9fense, des Retrait\u00e9s et des Enfants des Martyrs, M. Hanena Ould Sidi, a regagn\u00e9 Nouakchott mardi matin, en provenance d&#8217;Angola, apr\u00e8s avoir repr\u00e9sent\u00e9 Son Excellence le Pr\u00e9sident de la R\u00e9publique, M. Mohamed Ould Cheikh El Ghazouani, au Sommet extraordinaire de l&#8217;Union africaine, qui s&#8217;est tenu les 29 et 30 ao\u00fbt 2026 [&hellip;]<\/p>\n","protected":false},"author":17,"featured_media":301671,"comment_status":"open","ping_status":"open","sticky":false,"template":"","format":"standard","meta":{"footnotes":""},"categories":[63918,63957,63959],"tags":[],"class_list":["post-301670","post","type-post","status-publish","format-standard","has-post-thumbnail","hentry","category-autres","category-fil-dactualite","category-mauritanie"],"_links":{"self":[{"href":"https:\/\/ami.mr\/fr\/wp-json\/wp\/v2\/posts\/301670","targetHints":{"allow":["GET"]}}],"collection":[{"href":"https:\/\/ami.mr\/fr\/wp-json\/wp\/v2\/posts"}],"about":[{"href":"https:\/\/ami.mr\/fr\/wp-json\/wp\/v2\/types\/post"}],"author":[{"embeddable":true,"href":"https:\/\/ami.mr\/fr\/wp-json\/wp\/v2\/users\/17"}],"replies":[{"embeddable":true,"href":"https:\/\/ami.mr\/fr\/wp-json\/wp\/v2\/comments?post=301670"}],"version-history":[{"count":1,"href":"https:\/\/ami.mr\/fr\/wp-json\/wp\/v2\/posts\/301670\/revisions"}],"predecessor-version":[{"id":301672,"href":"https:\/\/ami.mr\/fr\/wp-json\/wp\/v2\/posts\/301670\/revisions\/301672"}],"wp:featuredmedia":[{"embeddable":true,"href":"https:\/\/ami.mr\/fr\/wp-json\/wp\/v2\/media\/301671"}],"wp:attachment":[{"href":"https:\/\/ami.mr\/fr\/wp-json\/wp\/v2\/media?parent=301670"}],"wp:term":[{"taxonomy":"category","embeddable":true,"href":"https:\/\/ami.mr\/fr\/wp-json\/wp\/v2\/categories?post=301670"},{"taxonomy":"post_tag","embeddable":true,"href":"https:\/\/ami.mr\/fr\/wp-json\/wp\/v2\/tags?post=301670"}],"curies":[{"name":"wp","href":"https:\/\/api.w.org\/{rel}","templated":true}]}}