{"id":301659,"date":"2026-08-31T20:40:16","date_gmt":"2026-08-31T20:40:16","guid":{"rendered":"https:\/\/ami.mr\/fr\/?p=301659"},"modified":"2026-08-31T20:40:16","modified_gmt":"2026-08-31T20:40:16","slug":"aleg-celebre-ses-laureats-aux-concours-nationaux","status":"publish","type":"post","link":"https:\/\/ami.mr\/fr\/archives\/301659","title":{"rendered":"Aleg c\u00e9l\u00e8bre ses laur\u00e9ats aux concours nationaux"},"content":{"rendered":"<div class=\"row\"><\/div>\n<div class=\"row\">\n<div class=\"cell auto-size\">\n<div class=\"set-border bd-gray padding10 margin10 no-margin-right no-margin-left \" dir=\"ltr\">\n<p>Le wali du Brakna, M. Teyib Ould Mohamed Mahmoud, a pr\u00e9sid\u00e9 cet apr\u00e8s-midi, lundi, dans les locaux du conseil r\u00e9gional du Brakna, une c\u00e9r\u00e9monie au cours de laquelle les laur\u00e9ats de la moughataa d\u2019Aleg, aux concours nationaux pour l&#8217;ann\u00e9e scolaire 2025-2026 ont \u00e9t\u00e9 r\u00e9compens\u00e9s. L\u2019activit\u00e9 a \u00e9t\u00e9 organis\u00e9e par les d\u00e9put\u00e9s de la moughataa.<\/p>\n<p>La c\u00e9r\u00e9monie a \u00e9t\u00e9 l&#8217;occasion de c\u00e9l\u00e9brer les r\u00e9sultats exceptionnels obtenus par les \u00e9l\u00e8ves et de r\u00e9compenser les premiers d&#8217;entre eux dans divers concours nationaux, en reconnaissance de leurs efforts et pour les encourager \u00e0 poursuivre leur parcours acad\u00e9mique dans l\u2019excellence.<\/p>\n<p>Dans un discours prononc\u00e9 \u00e0 cette occasion, le wali du Brakna a salu\u00e9 cette initiative, la consid\u00e9rant comme un soutien moral et mat\u00e9riel pour les brillants \u00e9l\u00e8ves, et une incitation \u00e0 poursuivre dans l\u2019excellence. Il a \u00e9galement soulign\u00e9 les efforts d\u00e9ploy\u00e9s par leurs familles et par les \u00e9ducateurs qui supervisent leur enseignement et leur encadrement.<\/p>\n<p>Le wali a rappel\u00e9 que Son Excellence le Pr\u00e9sident de la R\u00e9publique, M. Mohamed Ould Cheikh El Ghazouani, accorde une attention particuli\u00e8re au secteur de l&#8217;\u00e9ducation et \u0153uvre pour le d\u00e9veloppement du syst\u00e8me d\u2019enseignement et l&#8217;\u00e9tablissement des bases de l&#8217;\u00e9cole r\u00e9publicaine, afin d&#8217;am\u00e9liorer la qualit\u00e9 de l&#8217;\u00e9ducation et d&#8217;ancrer les valeurs de la science et du savoir chez les jeunes.<\/p>\n<p>De son c\u00f4t\u00e9, le d\u00e9put\u00e9 d&#8217;Aleg, M. El Bou Ould Moud Ould Kelaa, a affirm\u00e9 que l&#8217;excellence des \u00e9l\u00e8ves de la moughataa est une source de fiert\u00e9 pour tous, appelant \u00e0 les accompagner et \u00e0 les soutenir dans leur parcours scolaire, tout en louant le r\u00f4le jou\u00e9 par les \u00e9quipes \u00e9ducatives et les familles dans l&#8217;obtention de ces excellents r\u00e9sultats.<\/p>\n<p>Le pr\u00e9sident de la r\u00e9gion du Brakna, M. Moustapha Ould Mohamed Mahmoud et le maire d\u2019Aleg, M. Youssouf Ould Cheikh El Ghadi et l\u2019inspecteur de l\u2019enseignement fondamental, M. Mohamed Ould El Neda, ainsi que le repr\u00e9sentant de l&#8217;Association des parents d&#8217;\u00e9l\u00e8ves et d&#8217;\u00e9tudiants du Brakna, ont tous salu\u00e9 l&#8217;importance de cette initiative, affirmant que la c\u00e9l\u00e9bration des \u00e9l\u00e8ves qui brillent lors des concours nationaux, constitue un soutien moral important et les encourage \u00e0 fournir davantage d&#8217;efforts.<\/p>\n<p>La c\u00e9r\u00e9monie a \u00e9t\u00e9 ponctu\u00e9e par la remise de prix d\u2019encouragement et de certificats de reconnaissance aux laur\u00e9ats de la moughataa d&#8217;Aleg dans divers concours nationaux, pour les inciter \u00e0 atteindre davantage de succ\u00e8s.<\/p>\n<p>La rencontre s&#8217;est d\u00e9roul\u00e9e en pr\u00e9sence du hakem d&#8217;Aleg, M. Mohamed Ould El Houssein Ould Ejih, du pr\u00e9sident de l&#8217;Association des maires de la r\u00e9gion du Brakna, du pr\u00e9sident du forum r\u00e9gional des organisations de la soci\u00e9t\u00e9 civile du Brakna, ainsi que des autorit\u00e9s s\u00e9curitaires et militaires de la wilaya.<\/p>\n<\/div>\n<\/div>\n<\/div>\n","protected":false},"excerpt":{"rendered":"<p>Le wali du Brakna, M. Teyib Ould Mohamed Mahmoud, a pr\u00e9sid\u00e9 cet apr\u00e8s-midi, lundi, dans les locaux du conseil r\u00e9gional du Brakna, une c\u00e9r\u00e9monie au cours de laquelle les laur\u00e9ats de la moughataa d\u2019Aleg, aux concours nationaux pour l&#8217;ann\u00e9e scolaire 2025-2026 ont \u00e9t\u00e9 r\u00e9compens\u00e9s. L\u2019activit\u00e9 a \u00e9t\u00e9 organis\u00e9e par les d\u00e9put\u00e9s de la moughataa. La [&hellip;]<\/p>\n","protected":false},"author":8,"featured_media":301660,"comment_status":"open","ping_status":"open","sticky":false,"template":"","format":"standard","meta":{"footnotes":""},"categories":[63918,63957],"tags":[],"class_list":["post-301659","post","type-post","status-publish","format-standard","has-post-thumbnail","hentry","category-autres","category-fil-dactualite"],"_links":{"self":[{"href":"https:\/\/ami.mr\/fr\/wp-json\/wp\/v2\/posts\/301659","targetHints":{"allow":["GET"]}}],"collection":[{"href":"https:\/\/ami.mr\/fr\/wp-json\/wp\/v2\/posts"}],"about":[{"href":"https:\/\/ami.mr\/fr\/wp-json\/wp\/v2\/types\/post"}],"author":[{"embeddable":true,"href":"https:\/\/ami.mr\/fr\/wp-json\/wp\/v2\/users\/8"}],"replies":[{"embeddable":true,"href":"https:\/\/ami.mr\/fr\/wp-json\/wp\/v2\/comments?post=301659"}],"version-history":[{"count":1,"href":"https:\/\/ami.mr\/fr\/wp-json\/wp\/v2\/posts\/301659\/revisions"}],"predecessor-version":[{"id":301661,"href":"https:\/\/ami.mr\/fr\/wp-json\/wp\/v2\/posts\/301659\/revisions\/301661"}],"wp:featuredmedia":[{"embeddable":true,"href":"https:\/\/ami.mr\/fr\/wp-json\/wp\/v2\/media\/301660"}],"wp:attachment":[{"href":"https:\/\/ami.mr\/fr\/wp-json\/wp\/v2\/media?parent=301659"}],"wp:term":[{"taxonomy":"category","embeddable":true,"href":"https:\/\/ami.mr\/fr\/wp-json\/wp\/v2\/categories?post=301659"},{"taxonomy":"post_tag","embeddable":true,"href":"https:\/\/ami.mr\/fr\/wp-json\/wp\/v2\/tags?post=301659"}],"curies":[{"name":"wp","href":"https:\/\/api.w.org\/{rel}","templated":true}]}}