{"id":301656,"date":"2026-08-31T20:09:14","date_gmt":"2026-08-31T20:09:14","guid":{"rendered":"https:\/\/ami.mr\/fr\/?p=301656"},"modified":"2026-08-31T20:09:14","modified_gmt":"2026-08-31T20:09:14","slug":"baccalaureat-la-region-du-guidimakha-celebre-ses-laureats","status":"publish","type":"post","link":"https:\/\/ami.mr\/fr\/archives\/301656","title":{"rendered":"Baccalaur\u00e9at : La R\u00e9gion du Guidimakha c\u00e9l\u00e8bre ses laur\u00e9ats"},"content":{"rendered":"<div class=\"row\"><\/div>\n<div class=\"row\">\n<div class=\"cell auto-size\">\n<div class=\"set-border bd-gray padding10 margin10 no-margin-right no-margin-left \" dir=\"ltr\">\n<p>La r\u00e9gion de Guidimakha a organis\u00e9, ce lundi, une c\u00e9r\u00e9monie de remise de prix aux laur\u00e9ats du baccalaur\u00e9at au niveau de la wilaya, sous la pr\u00e9sidence du wali, M. Dahmane Ould Beyrouck, en pr\u00e9sence du pr\u00e9sident de la r\u00e9gion, M. Issa Coulibaly.<\/p>\n<p>Au cours de la c\u00e9r\u00e9monie, les premiers des fili\u00e8res scientifique et litt\u00e9raire ont \u00e9t\u00e9 r\u00e9compens\u00e9s, en reconnaissance leur performance et pour les encourager \u00e0 poursuivre leur parcours acad\u00e9mique. Chaque laur\u00e9at a re\u00e7u un troph\u00e9e symbolique et une dotation substantielle.<\/p>\n<p>Dans son discours \u00e0 cette occasion, le wali du Guidimakha a salu\u00e9 l&#8217;initiative de la r\u00e9gion de c\u00e9l\u00e9brer et d&#8217;encourager les laur\u00e9ats en attribuant ces prix chaque ann\u00e9e, soulignant le soutien que cela repr\u00e9sente en appui aux efforts d\u00e9ploy\u00e9s dans le domaine de l&#8217;\u00e9ducation et en accord avec les politiques de l&#8217;\u00c9tat visant \u00e0 d\u00e9velopper le syst\u00e8me d\u2019enseignement.<\/p>\n<p>Il a affirm\u00e9 que l&#8217;\u00e9ducation constitue l&#8217;une des priorit\u00e9s du programme ambitieux de Son Excellence le Pr\u00e9sident de la R\u00e9publique, M. Mohamed Ould Cheikh El Ghazouani, en tant que pilier pour la construction d\u2019un avenir meilleur, fond\u00e9 sur la connaissance, et qui renforce les opportunit\u00e9s de d\u00e9veloppement et de progr\u00e8s.<\/p>\n<p>Pour sa part, le pr\u00e9sident de la r\u00e9gion du Guidimakha a d\u00e9clar\u00e9 que l&#8217;encouragement et la motivation des \u00e9l\u00e8ves \u00e0 s&#8217;investir et \u00e0 exceller contribuent \u00e0 cr\u00e9er un environnement \u00e9ducatif stimulant et constituent un facteur important dans le soutien aux efforts de r\u00e9forme du syst\u00e8me d\u2019enseignement, notamment le projet de l&#8217;\u00e9cole r\u00e9publicaine, qui occupe une place pr\u00e9pond\u00e9rante parmi les priorit\u00e9s du secteur, conform\u00e9ment aux directives de Son Excellence le Pr\u00e9sident de la R\u00e9publique.<\/p>\n<p>De son c\u00f4t\u00e9, le directeur r\u00e9gional du minist\u00e8re de l&#8217;\u00c9ducation et de la R\u00e9forme du syst\u00e8me d\u2019Enseignement, M. Sidi Ould Farrah, a expliqu\u00e9 que les r\u00e9sultats remarquables obtenus par les \u00e9l\u00e8ves de la r\u00e9gion au niveau national, sont le fruit d&#8217;une synergie des efforts des diff\u00e9rentes parties prenantes du processus \u00e9ducatif, y compris le personnel enseignant, les parents et les tuteurs, ainsi que la pers\u00e9v\u00e9rance et le s\u00e9rieux dont ont fait preuve les laur\u00e9ats, ce qui a contribu\u00e9 \u00e0 l&#8217;obtention de ces r\u00e9sultats.<\/p>\n<p>La c\u00e9r\u00e9monie s\u2019est d\u00e9roul\u00e9e en pr\u00e9sence du hakem de S\u00e9libabi, M. Mohamed Ould Abdallah, du maire de S\u00e9libabi, M. Oumar Hamadi Ba, ainsi que de plusieurs responsables et autorit\u00e9s militaires et s\u00e9curitaires de la wilaya.<\/p>\n<\/div>\n<\/div>\n<\/div>\n","protected":false},"excerpt":{"rendered":"<p>La r\u00e9gion de Guidimakha a organis\u00e9, ce lundi, une c\u00e9r\u00e9monie de remise de prix aux laur\u00e9ats du baccalaur\u00e9at au niveau de la wilaya, sous la pr\u00e9sidence du wali, M. Dahmane Ould Beyrouck, en pr\u00e9sence du pr\u00e9sident de la r\u00e9gion, M. Issa Coulibaly. Au cours de la c\u00e9r\u00e9monie, les premiers des fili\u00e8res scientifique et litt\u00e9raire ont [&hellip;]<\/p>\n","protected":false},"author":8,"featured_media":301657,"comment_status":"open","ping_status":"open","sticky":false,"template":"","format":"standard","meta":{"footnotes":""},"categories":[63918,63957],"tags":[],"class_list":["post-301656","post","type-post","status-publish","format-standard","has-post-thumbnail","hentry","category-autres","category-fil-dactualite"],"_links":{"self":[{"href":"https:\/\/ami.mr\/fr\/wp-json\/wp\/v2\/posts\/301656","targetHints":{"allow":["GET"]}}],"collection":[{"href":"https:\/\/ami.mr\/fr\/wp-json\/wp\/v2\/posts"}],"about":[{"href":"https:\/\/ami.mr\/fr\/wp-json\/wp\/v2\/types\/post"}],"author":[{"embeddable":true,"href":"https:\/\/ami.mr\/fr\/wp-json\/wp\/v2\/users\/8"}],"replies":[{"embeddable":true,"href":"https:\/\/ami.mr\/fr\/wp-json\/wp\/v2\/comments?post=301656"}],"version-history":[{"count":1,"href":"https:\/\/ami.mr\/fr\/wp-json\/wp\/v2\/posts\/301656\/revisions"}],"predecessor-version":[{"id":301658,"href":"https:\/\/ami.mr\/fr\/wp-json\/wp\/v2\/posts\/301656\/revisions\/301658"}],"wp:featuredmedia":[{"embeddable":true,"href":"https:\/\/ami.mr\/fr\/wp-json\/wp\/v2\/media\/301657"}],"wp:attachment":[{"href":"https:\/\/ami.mr\/fr\/wp-json\/wp\/v2\/media?parent=301656"}],"wp:term":[{"taxonomy":"category","embeddable":true,"href":"https:\/\/ami.mr\/fr\/wp-json\/wp\/v2\/categories?post=301656"},{"taxonomy":"post_tag","embeddable":true,"href":"https:\/\/ami.mr\/fr\/wp-json\/wp\/v2\/tags?post=301656"}],"curies":[{"name":"wp","href":"https:\/\/api.w.org\/{rel}","templated":true}]}}