{"id":301653,"date":"2026-08-31T19:17:25","date_gmt":"2026-08-31T19:17:25","guid":{"rendered":"https:\/\/ami.mr\/fr\/?p=301653"},"modified":"2026-08-31T19:17:25","modified_gmt":"2026-08-31T19:17:25","slug":"presentation-des-condoleances-du-president-de-la-republique-a-la-famille-de-cheikh-saadbouh-a-nimjatt","status":"publish","type":"post","link":"https:\/\/ami.mr\/fr\/archives\/301653","title":{"rendered":"Pr\u00e9sentation des condol\u00e9ances du Pr\u00e9sident de la R\u00e9publique \u00e0 la famille de Cheikh Saadbouh \u00e0 Nimjatt"},"content":{"rendered":"<div class=\"row\"><\/div>\n<div class=\"row\">\n<div class=\"cell auto-size\">\n<div class=\"set-border bd-gray padding10 margin10 no-margin-right no-margin-left \" dir=\"ltr\">\n<p>Le conseiller \u00e0 la Pr\u00e9sidence de la R\u00e9publique, M. Ahmed Ould Neni, accompagn\u00e9 du wali du Trarza, M. Ahmedna Ould Sid Abe, a pr\u00e9sent\u00e9 ce lundi soir, dans le village de Nimjatt, relevant de la commune de Tiguint, Moughataa de Mederdra, les condol\u00e9ances de Son Excellence le Pr\u00e9sident de la R\u00e9publique, M. Mohamed Ould Cheikh El Ghazouani, \u00e0 la famille de Cheikh Saadbouh, suite au d\u00e9c\u00e8s de feu Cheikh Saadbouh Ould Cheikh Mohamed Taghiyoullah.<\/p>\n<p>Le conseiller a transmis aux membres de la famille les condol\u00e9ances du Pr\u00e9sident de la R\u00e9publique et sa sympathie dans cette grande \u00e9preuve, demandant \u00e0 Dieu Tout-Puissant d&#8217;accueillir le d\u00e9funt dans Sa vaste mis\u00e9ricorde, de le faire entrer dans Ses jardins \u00e9ternels, et de donner \u00e0 sa famille et \u00e0 ses proches patience et r\u00e9confort.<\/p>\n<p>De son c\u00f4t\u00e9, le porte-parole de la famille, M. Taleb Bouye Ould Cheikh Saadbouh, a exprim\u00e9 la profonde gratitude de la famille envers Son Excellence le Pr\u00e9sident de la R\u00e9publique pour ce geste g\u00e9n\u00e9reux, saluant son souci de consoler les citoyens et de partager leurs peines, ainsi que de les soutenir dans diverses circonstances.<\/p>\n<p>Les condol\u00e9ances ont \u00e9t\u00e9 pr\u00e9sent\u00e9es en pr\u00e9sence du hakem mou\u00e7aid de Mederdra, M. Mohamed Ahid Ould Cheikh Sid Mohamed Hamili, et des commandants des services de s\u00e9curit\u00e9 de la wilaya du Trarza.<\/p>\n<\/div>\n<\/div>\n<\/div>\n","protected":false},"excerpt":{"rendered":"<p>Le conseiller \u00e0 la Pr\u00e9sidence de la R\u00e9publique, M. Ahmed Ould Neni, accompagn\u00e9 du wali du Trarza, M. Ahmedna Ould Sid Abe, a pr\u00e9sent\u00e9 ce lundi soir, dans le village de Nimjatt, relevant de la commune de Tiguint, Moughataa de Mederdra, les condol\u00e9ances de Son Excellence le Pr\u00e9sident de la R\u00e9publique, M. Mohamed Ould Cheikh [&hellip;]<\/p>\n","protected":false},"author":8,"featured_media":301654,"comment_status":"open","ping_status":"open","sticky":false,"template":"","format":"standard","meta":{"footnotes":""},"categories":[63918,63957],"tags":[],"class_list":["post-301653","post","type-post","status-publish","format-standard","has-post-thumbnail","hentry","category-autres","category-fil-dactualite"],"_links":{"self":[{"href":"https:\/\/ami.mr\/fr\/wp-json\/wp\/v2\/posts\/301653","targetHints":{"allow":["GET"]}}],"collection":[{"href":"https:\/\/ami.mr\/fr\/wp-json\/wp\/v2\/posts"}],"about":[{"href":"https:\/\/ami.mr\/fr\/wp-json\/wp\/v2\/types\/post"}],"author":[{"embeddable":true,"href":"https:\/\/ami.mr\/fr\/wp-json\/wp\/v2\/users\/8"}],"replies":[{"embeddable":true,"href":"https:\/\/ami.mr\/fr\/wp-json\/wp\/v2\/comments?post=301653"}],"version-history":[{"count":1,"href":"https:\/\/ami.mr\/fr\/wp-json\/wp\/v2\/posts\/301653\/revisions"}],"predecessor-version":[{"id":301655,"href":"https:\/\/ami.mr\/fr\/wp-json\/wp\/v2\/posts\/301653\/revisions\/301655"}],"wp:featuredmedia":[{"embeddable":true,"href":"https:\/\/ami.mr\/fr\/wp-json\/wp\/v2\/media\/301654"}],"wp:attachment":[{"href":"https:\/\/ami.mr\/fr\/wp-json\/wp\/v2\/media?parent=301653"}],"wp:term":[{"taxonomy":"category","embeddable":true,"href":"https:\/\/ami.mr\/fr\/wp-json\/wp\/v2\/categories?post=301653"},{"taxonomy":"post_tag","embeddable":true,"href":"https:\/\/ami.mr\/fr\/wp-json\/wp\/v2\/tags?post=301653"}],"curies":[{"name":"wp","href":"https:\/\/api.w.org\/{rel}","templated":true}]}}