{"id":301644,"date":"2026-08-31T15:03:31","date_gmt":"2026-08-31T15:03:31","guid":{"rendered":"https:\/\/ami.mr\/fr\/?p=301644"},"modified":"2026-08-31T18:22:37","modified_gmt":"2026-08-31T18:22:37","slug":"lancement-de-la-semaine-nationale-de-la-culture-et-des-arts-dans-la-wilaya-du-brakna","status":"publish","type":"post","link":"https:\/\/ami.mr\/fr\/archives\/301644","title":{"rendered":"Lancement de la Semaine nationale de la culture et des arts dans la wilaya du Brakna"},"content":{"rendered":"<p>Le wali du Brakna, M. Tayeb Ould Mohamed Mahmoud, a pr\u00e9sid\u00e9, dimanche soir \u00e0 Aleg, la c\u00e9r\u00e9monie de lancement des activit\u00e9s de la Semaine nationale de la culture et des arts au niveau de la wilaya. Cette manifestation est organis\u00e9e par le minist\u00e8re de la Culture, des Arts, de la Communication et des Relations avec le Parlement, sous le th\u00e8me : \u00ab Vos vacances, culture et tourisme \u00bb.<\/p>\n<p>Les activit\u00e9s de cette semaine comprennent un programme culturel et artistique vari\u00e9, avec notamment des concours de m\u00e9morisation et de r\u00e9citation du Saint Coran, de Medh (\u00e9loge du Proph\u00e8te), ainsi que des comp\u00e9titions de po\u00e9sie classique et populaire dans les diff\u00e9rentes langues nationales, des concours d\u2019arts plastiques et des soir\u00e9es artistiques et culturelles.<\/p>\n<p>Le programme pr\u00e9voit \u00e9galement des conf\u00e9rences et des seminaires consacr\u00e9s \u00e0 plusieurs questions d\u2019int\u00e9r\u00eat national, notamment le renforcement des constantes nationales, la sensibilisation aux dangers de la drogue, l\u2019importance de la d\u00e9couverte et de l\u2019encouragement des talents, la promotion du tourisme int\u00e9rieur, ainsi que la consolidation des valeurs de coh\u00e9sion sociale et la contribution \u00e0 la r\u00e9duction des disparit\u00e9s sociales.<\/p>\n<p>Dans son discours, le wali a soulign\u00e9 que Son Excellence le Pr\u00e9sident de la R\u00e9publique, M. Mohamed Ould Cheikh El Ghazouani, accorde une attention particuli\u00e8re \u00e0 la culture, au patrimoine et aux arts, dans le cadre d\u2019une vision int\u00e9gr\u00e9e faisant du d\u00e9veloppement de l\u2019\u00eatre humain, du renforcement de l\u2019unit\u00e9 nationale et du d\u00e9veloppement des diff\u00e9rentes r\u00e9gions du pays des objectifs \u00e9troitement li\u00e9s.<\/p>\n<p>Il a indiqu\u00e9 que le gouvernement de Son Excellence le Premier ministre, M. El Moctar Ould Djay, \u0153uvre \u00e0 la concr\u00e9tisation de cette vision en renfor\u00e7ant la place de la culture dans le processus de d\u00e9veloppement et en la reliant \u00e0 la jeunesse, au tourisme et \u00e0 l\u2019\u00e9conomie locale, tout en assurant la protection du patrimoine culturel national.<\/p>\n<p>Il a ajout\u00e9 que l\u2019organisation de la Semaine nationale de la culture et des arts traduit concr\u00e8tement cette orientation, en permettant de rapprocher les activit\u00e9s culturelles des diff\u00e9rentes r\u00e9gions du pays et en offrant \u00e0 chaque wilaya l\u2019occasion de mettre en valeur ses richesses en mati\u00e8re de cr\u00e9ativit\u00e9, de patrimoine et de talents.<\/p>\n<p>De leur c\u00f4t\u00e9, le pr\u00e9sident du Conseil r\u00e9gional du Brakna, M. El Moustapha Ould Mohamed Mahmoud, et le maire de la commune d\u2019Aleg, M. Youssef Ould Cheikh El Kadi, ont salu\u00e9 l\u2019organisation de cette manifestation culturelle dans la ville d\u2019Aleg, soulignant son r\u00f4le actif dans le renforcement de l\u2019unit\u00e9 nationale, la cr\u00e9ation de passerelles entre les g\u00e9n\u00e9rations et la consolidation des valeurs de citoyennet\u00e9 et d\u2019amour de la patrie.<\/p>\n<p>La c\u00e9r\u00e9monie d\u2019ouverture s\u2019est d\u00e9roul\u00e9e en pr\u00e9sence du hakem de la moughataa d\u2019Aleg, des d\u00e9put\u00e9s de la circonscription, du d\u00e9l\u00e9gu\u00e9 r\u00e9gional du minist\u00e8re de la Culture, des Arts, de la Communication et des Relations avec le Parlement, de plusieurs responsables des services r\u00e9gionaux, d\u2019acteurs de la soci\u00e9t\u00e9 civile, ainsi que des autorit\u00e9s s\u00e9curitaires et militaires de la wilaya.<\/p>\n","protected":false},"excerpt":{"rendered":"<p>Le wali du Brakna, M. Tayeb Ould Mohamed Mahmoud, a pr\u00e9sid\u00e9, dimanche soir \u00e0 Aleg, la c\u00e9r\u00e9monie de lancement des activit\u00e9s de la Semaine nationale de la culture et des arts au niveau de la wilaya. Cette manifestation est organis\u00e9e par le minist\u00e8re de la Culture, des Arts, de la Communication et des Relations avec [&hellip;]<\/p>\n","protected":false},"author":18,"featured_media":301645,"comment_status":"open","ping_status":"open","sticky":false,"template":"","format":"standard","meta":{"footnotes":""},"categories":[63918,63957,8672],"tags":[],"class_list":["post-301644","post","type-post","status-publish","format-standard","has-post-thumbnail","hentry","category-autres","category-fil-dactualite","category-8672"],"_links":{"self":[{"href":"https:\/\/ami.mr\/fr\/wp-json\/wp\/v2\/posts\/301644","targetHints":{"allow":["GET"]}}],"collection":[{"href":"https:\/\/ami.mr\/fr\/wp-json\/wp\/v2\/posts"}],"about":[{"href":"https:\/\/ami.mr\/fr\/wp-json\/wp\/v2\/types\/post"}],"author":[{"embeddable":true,"href":"https:\/\/ami.mr\/fr\/wp-json\/wp\/v2\/users\/18"}],"replies":[{"embeddable":true,"href":"https:\/\/ami.mr\/fr\/wp-json\/wp\/v2\/comments?post=301644"}],"version-history":[{"count":2,"href":"https:\/\/ami.mr\/fr\/wp-json\/wp\/v2\/posts\/301644\/revisions"}],"predecessor-version":[{"id":301652,"href":"https:\/\/ami.mr\/fr\/wp-json\/wp\/v2\/posts\/301644\/revisions\/301652"}],"wp:featuredmedia":[{"embeddable":true,"href":"https:\/\/ami.mr\/fr\/wp-json\/wp\/v2\/media\/301645"}],"wp:attachment":[{"href":"https:\/\/ami.mr\/fr\/wp-json\/wp\/v2\/media?parent=301644"}],"wp:term":[{"taxonomy":"category","embeddable":true,"href":"https:\/\/ami.mr\/fr\/wp-json\/wp\/v2\/categories?post=301644"},{"taxonomy":"post_tag","embeddable":true,"href":"https:\/\/ami.mr\/fr\/wp-json\/wp\/v2\/tags?post=301644"}],"curies":[{"name":"wp","href":"https:\/\/api.w.org\/{rel}","templated":true}]}}