{"id":301641,"date":"2026-08-31T13:29:02","date_gmt":"2026-08-31T13:29:02","guid":{"rendered":"https:\/\/ami.mr\/fr\/?p=301641"},"modified":"2026-08-31T13:29:02","modified_gmt":"2026-08-31T13:29:02","slug":"des-precipitations-enregistrees-dans-plusieurs-localites-du-pays","status":"publish","type":"post","link":"https:\/\/ami.mr\/fr\/archives\/301641","title":{"rendered":"Des pr\u00e9cipitations enregistr\u00e9es dans plusieurs localit\u00e9s du pays"},"content":{"rendered":"<p>Les pluviom\u00e8tres ont enregistr\u00e9, au cours des derni\u00e8res 24 heures, des pr\u00e9cipitations dans plusieurs localit\u00e9s des wilayas de l\u2019Assaba, du Brakna, du Tagant et du Guidimagha, selon les informations communiqu\u00e9es par le Service des communications administratives du minist\u00e8re de l\u2019Int\u00e9rieur, de la Promotion de la D\u00e9centralisation et du D\u00e9veloppement local. Les relev\u00e9s se pr\u00e9sentent comme suit:<\/p>\n<p><span style=\"color: #0000ff;\"><strong>Wilaya de l\u2019Assaba<\/strong><\/span><\/p>\n<p><strong>Moughataa de Boumdeid :<\/strong><\/p>\n<p>\u2022 Boumdeid : 07 mm<\/p>\n<p>\u2022 Hassi Et-Tine : 03 mm<\/p>\n<p><span style=\"color: #0000ff;\"><strong>Wilaya du Brakna<\/strong><\/span><\/p>\n<p><strong>Moughataa de Babab\u00e9 :<\/strong><\/p>\n<p>\u2022 Nitika : 13 mm<\/p>\n<p>\u2022 Er-Raja : 08 mm<\/p>\n<p>\u2022 Lemreikba : 05 mm<\/p>\n<p>\u2022 Babab\u00e9 : 02 mm<\/p>\n<p><strong>Moughataa de Maal :<\/strong><\/p>\n<p>\u2022 El-Wasata : 15 mm<\/p>\n<p><strong><span style=\"color: #0000ff;\">Wilaya du Tagant<\/span><\/strong><\/p>\n<p><strong>Moughataa de Moudj\u00e9ria :<\/strong><\/p>\n<p>\u2022 Daber : 14 mm<\/p>\n<p>\u2022 Lekre\u00efa : 06 mm<\/p>\n<p><strong>Moughataa de Tichitt :<\/strong><\/p>\n<p>\u2022 Tichitt : 13 mm<\/p>\n<p><span style=\"color: #0000ff;\"><strong>Wilaya du Guidimagha<\/strong><\/span><\/p>\n<p><strong>Moughataa de Ghabou :<\/strong><\/p>\n<p>\u2022 Emeyala : 60 mm<\/p>\n<p>\u2022 Erghaoui : 35 mm<\/p>\n<p>\u2022 Waaret Ehl Bilen : 35 mm<\/p>\n<p>\u2022 Echeya 2 : 35 mm<\/p>\n<p>\u2022 Ehl Issa Baba : 32 mm<\/p>\n<p>\u2022 Joukentoura : 26 mm<\/p>\n<p>\u2022 Seb Nhal : 25 mm<\/p>\n<p>\u2022 Amaka Ehl El Mokhtar : 25 mm<\/p>\n<p>\u2022 Kankou : 20 mm<\/p>\n<p>\u2022 Echleikha : 20 mm<\/p>\n<p>\u2022 Essoufi : 20 mm<\/p>\n<p>\u2022 Lembidiaa : 20 mm<\/p>\n<p>\u2022 Mden Laghlal : 19 mm<\/p>\n<p>\u2022 El-Melka : 16 mm<\/p>\n<p>\u2022 Embala Dar Naim : 15 mm<\/p>\n<p>\u2022 Kamb Ndo : 15 mm<\/p>\n<p>\u2022 Erchan : 15 mm<\/p>\n<p>\u2022 Echekatt : 15 mm<\/p>\n<p>\u2022 Oued En-Nejaj : 15 mm<\/p>\n<p>\u2022 Raoumed : 15 mm<\/p>\n<p>\u2022 Ehl Sakiba : 10 mm<\/p>\n<p><strong>Moughataa de S\u00e9libabi :<\/strong><\/p>\n<p>\u2022 Waaret Ehl Lekhal : 20 mm<\/p>\n<p>\u2022 Ehl Samba : 20 mm<\/p>\n<p>\u2022 Hassi Laatach : 20 mm<\/p>\n<p>\u2022 Tachott : 18 mm<\/p>\n<p>\u2022 El-Khachbaya : 15 mm<\/p>\n<p>\u2022 Dilal : 15 mm<\/p>\n<p>\u2022 Niordel : 12 mm<\/p>\n<p>\u2022 S\u00e9libabi : 11 mm<\/p>\n<p>\u2022 Dankorma : 10 mm<\/p>\n<p>\u2022 Hassi Cheghar : 04 mm<\/p>\n<p><strong>Moughataa de Wompou :<\/strong><\/p>\n<p>\u2022 Et-Tebbal 1 : 29 mm<\/p>\n<p>\u2022 Et-Tebbal 2 : 25 mm<\/p>\n<p>\u2022 Sani\u00e9 Dj\u00e9ri : 23 mm<\/p>\n<p>\u2022 Wompou : 18 mm<\/p>\n<p>\u2022 Eteichtaya : 15 mm<\/p>\n<p>\u2022 Et-Tebbal 3 : 10 mm<\/p>\n<p>\u2022 Dj\u00e9ki : 07 mm<\/p>\n<p><strong>Moughataa de Ould Yeng\u00e9 :<\/strong><\/p>\n<p>\u2022 Lebeli : 20 mm<\/p>\n<p>\u2022 Wad Amour : 20 mm<\/p>\n<p>\u2022 Et-Tayyibat : 10 mm<\/p>\n","protected":false},"excerpt":{"rendered":"<p>Les pluviom\u00e8tres ont enregistr\u00e9, au cours des derni\u00e8res 24 heures, des pr\u00e9cipitations dans plusieurs localit\u00e9s des wilayas de l\u2019Assaba, du Brakna, du Tagant et du Guidimagha, selon les informations communiqu\u00e9es par le Service des communications administratives du minist\u00e8re de l\u2019Int\u00e9rieur, de la Promotion de la D\u00e9centralisation et du D\u00e9veloppement local. Les relev\u00e9s se pr\u00e9sentent comme [&hellip;]<\/p>\n","protected":false},"author":2,"featured_media":301642,"comment_status":"open","ping_status":"open","sticky":false,"template":"","format":"standard","meta":{"footnotes":""},"categories":[63918,63919,63957,63923,8672],"tags":[],"class_list":["post-301641","post","type-post","status-publish","format-standard","has-post-thumbnail","hentry","category-autres","category-choix-du-redacteur","category-fil-dactualite","category-slider-wilayas","category-8672"],"_links":{"self":[{"href":"https:\/\/ami.mr\/fr\/wp-json\/wp\/v2\/posts\/301641","targetHints":{"allow":["GET"]}}],"collection":[{"href":"https:\/\/ami.mr\/fr\/wp-json\/wp\/v2\/posts"}],"about":[{"href":"https:\/\/ami.mr\/fr\/wp-json\/wp\/v2\/types\/post"}],"author":[{"embeddable":true,"href":"https:\/\/ami.mr\/fr\/wp-json\/wp\/v2\/users\/2"}],"replies":[{"embeddable":true,"href":"https:\/\/ami.mr\/fr\/wp-json\/wp\/v2\/comments?post=301641"}],"version-history":[{"count":1,"href":"https:\/\/ami.mr\/fr\/wp-json\/wp\/v2\/posts\/301641\/revisions"}],"predecessor-version":[{"id":301643,"href":"https:\/\/ami.mr\/fr\/wp-json\/wp\/v2\/posts\/301641\/revisions\/301643"}],"wp:featuredmedia":[{"embeddable":true,"href":"https:\/\/ami.mr\/fr\/wp-json\/wp\/v2\/media\/301642"}],"wp:attachment":[{"href":"https:\/\/ami.mr\/fr\/wp-json\/wp\/v2\/media?parent=301641"}],"wp:term":[{"taxonomy":"category","embeddable":true,"href":"https:\/\/ami.mr\/fr\/wp-json\/wp\/v2\/categories?post=301641"},{"taxonomy":"post_tag","embeddable":true,"href":"https:\/\/ami.mr\/fr\/wp-json\/wp\/v2\/tags?post=301641"}],"curies":[{"name":"wp","href":"https:\/\/api.w.org\/{rel}","templated":true}]}}