{"id":301635,"date":"2026-08-31T12:45:28","date_gmt":"2026-08-31T12:45:28","guid":{"rendered":"https:\/\/ami.mr\/fr\/?p=301635"},"modified":"2026-08-31T12:45:28","modified_gmt":"2026-08-31T12:45:28","slug":"atelier-consacre-a-lexamen-des-projets-daccords-de-cooperation-judiciaire-entre-la-mauritanie-et-la-russie","status":"publish","type":"post","link":"https:\/\/ami.mr\/fr\/archives\/301635","title":{"rendered":"Atelier consacr\u00e9 \u00e0 l\u2019examen des projets d\u2019accords de coop\u00e9ration judiciaire entre la Mauritanie et la Russie"},"content":{"rendered":"<p>Le minist\u00e8re de la Justice a organis\u00e9, ce lundi \u00e0 Nouakchott, un atelier consacr\u00e9 \u00e0 l\u2019examen et \u00e0 la mise au point des projets d\u2019accords de coop\u00e9ration judiciaire entre la Mauritanie et la F\u00e9d\u00e9ration de Russie, dans le cadre du renforcement de la coop\u00e9ration judiciaire et du d\u00e9veloppement des relations entre les deux pays.<\/p>\n<p>L\u2019atelier porte notamment sur l\u2019examen du contenu de ces projets d\u2019accords, en particulier dans les domaines de l\u2019extradition des personnes recherch\u00e9es et du transf\u00e8rement des personnes condamn\u00e9es, ainsi que sur l\u2019\u00e9change d\u2019expertises et d\u2019exp\u00e9riences, en vue de renforcer la coop\u00e9ration judiciaire et institutionnelle entre les deux pays.<\/p>\n<p>Dans une allocution prononc\u00e9e \u00e0 cette occasion, le secr\u00e9taire g\u00e9n\u00e9ral du minist\u00e8re de la Justice, M. Mohamed Ould Ahmed A\u00efda, a soulign\u00e9 que l\u2019organisation de cet atelier vient couronner les efforts d\u00e9ploy\u00e9s pour renforcer la coop\u00e9ration judiciaire entre les deux pays. Il s\u2019inscrit \u00e9galement dans le cadre de la visite de travail qu\u2019effectue actuellement en Mauritanie une d\u00e9l\u00e9gation de haut niveau du Parquet g\u00e9n\u00e9ral et du minist\u00e8re de la Justice de la F\u00e9d\u00e9ration de Russie.<\/p>\n<p>Il a ajout\u00e9 que cet atelier s\u2019inscrit dans le cadre de la mise en \u0153uvre des accords sign\u00e9s dans le domaine de la justice entre les deux pays, en pr\u00e9sence des ministres de la Justice des deux pays et du procureur g\u00e9n\u00e9ral de Russie, en marge du Forum de Saint-P\u00e9tersbourg, le 25 juin dernier.<\/p>\n<p>Il a indiqu\u00e9 que ces accords s\u2019inscrivent dans le cadre des efforts continus d\u00e9ploy\u00e9s par les dirigeants des deux pays, le pr\u00e9sident Mohamed Ould Cheikh El Ghazouani et le pr\u00e9sident Vladimir Poutine, en vue de renforcer les relations de coop\u00e9ration entre la Mauritanie et la Russie.<\/p>\n<p>Il a \u00e9galement pr\u00e9cis\u00e9 que l\u2019organisation de cet atelier s\u2019inscrit dans le cadre de la mise en \u0153uvre du programme gouvernemental visant \u00e0 consolider l\u2019\u00c9tat de droit et \u00e0 prot\u00e9ger les droits de l\u2019homme, ainsi qu\u2019\u00e0 renforcer le cadre juridique et institutionnel de la coop\u00e9ration judiciaire dans le domaine de la lutte contre la criminalit\u00e9, notamment la criminalit\u00e9 transfrontali\u00e8re.<\/p>\n<p>Il a soulign\u00e9 que la Mauritanie a connu, ces derni\u00e8res ann\u00e9es, d\u2019importantes r\u00e9formes juridiques et institutionnelles, portant notamment sur la modernisation du dispositif l\u00e9gislatif et le renforcement des comp\u00e9tences des autorit\u00e9s judiciaires et administratives comp\u00e9tentes.<\/p>\n<p>De son c\u00f4t\u00e9, la directrice du D\u00e9partement du droit international et de la coop\u00e9ration au minist\u00e8re russe de la Justice, Mme Ekaterina Andreevna Kudelich, a d\u00e9clar\u00e9 que son pays \u0153uvre \u00e0 renforcer et \u00e0 d\u00e9velopper les relations de coop\u00e9ration avec la Mauritanie, soulignant que ces relations s\u2019\u00e9tendent sur plus de six d\u00e9cennies.<\/p>\n<p>Elle a indiqu\u00e9 que ces rencontres et consultations contribueront \u00e0 renforcer et \u00e0 dynamiser la coop\u00e9ration entre les secteurs de la justice des deux pays.<\/p>\n","protected":false},"excerpt":{"rendered":"<p>Le minist\u00e8re de la Justice a organis\u00e9, ce lundi \u00e0 Nouakchott, un atelier consacr\u00e9 \u00e0 l\u2019examen et \u00e0 la mise au point des projets d\u2019accords de coop\u00e9ration judiciaire entre la Mauritanie et la F\u00e9d\u00e9ration de Russie, dans le cadre du renforcement de la coop\u00e9ration judiciaire et du d\u00e9veloppement des relations entre les deux pays. L\u2019atelier [&hellip;]<\/p>\n","protected":false},"author":18,"featured_media":301636,"comment_status":"open","ping_status":"open","sticky":false,"template":"","format":"standard","meta":{"footnotes":""},"categories":[63918,63957,63959],"tags":[],"class_list":["post-301635","post","type-post","status-publish","format-standard","has-post-thumbnail","hentry","category-autres","category-fil-dactualite","category-mauritanie"],"_links":{"self":[{"href":"https:\/\/ami.mr\/fr\/wp-json\/wp\/v2\/posts\/301635","targetHints":{"allow":["GET"]}}],"collection":[{"href":"https:\/\/ami.mr\/fr\/wp-json\/wp\/v2\/posts"}],"about":[{"href":"https:\/\/ami.mr\/fr\/wp-json\/wp\/v2\/types\/post"}],"author":[{"embeddable":true,"href":"https:\/\/ami.mr\/fr\/wp-json\/wp\/v2\/users\/18"}],"replies":[{"embeddable":true,"href":"https:\/\/ami.mr\/fr\/wp-json\/wp\/v2\/comments?post=301635"}],"version-history":[{"count":1,"href":"https:\/\/ami.mr\/fr\/wp-json\/wp\/v2\/posts\/301635\/revisions"}],"predecessor-version":[{"id":301637,"href":"https:\/\/ami.mr\/fr\/wp-json\/wp\/v2\/posts\/301635\/revisions\/301637"}],"wp:featuredmedia":[{"embeddable":true,"href":"https:\/\/ami.mr\/fr\/wp-json\/wp\/v2\/media\/301636"}],"wp:attachment":[{"href":"https:\/\/ami.mr\/fr\/wp-json\/wp\/v2\/media?parent=301635"}],"wp:term":[{"taxonomy":"category","embeddable":true,"href":"https:\/\/ami.mr\/fr\/wp-json\/wp\/v2\/categories?post=301635"},{"taxonomy":"post_tag","embeddable":true,"href":"https:\/\/ami.mr\/fr\/wp-json\/wp\/v2\/tags?post=301635"}],"curies":[{"name":"wp","href":"https:\/\/api.w.org\/{rel}","templated":true}]}}