{"id":301629,"date":"2026-08-31T11:51:46","date_gmt":"2026-08-31T11:51:46","guid":{"rendered":"https:\/\/ami.mr\/fr\/?p=301629"},"modified":"2026-08-31T18:09:22","modified_gmt":"2026-08-31T18:09:22","slug":"ouverture-de-la-saison-culturelle-et-sportive-des-elus-de-la-moughataa-de-oued-naga","status":"publish","type":"post","link":"https:\/\/ami.mr\/fr\/archives\/301629","title":{"rendered":"Ouverture de la saison culturelle et sportive des \u00e9lus de la moughataa de Ouad Naga"},"content":{"rendered":"<p>Le ministre de l\u2019Autonomisation des jeunes, de l\u2019Emploi, des Sports et du Service civique, M. Mohamed Abdallahi Ould Louly, accompagn\u00e9 du wali du Trarza, M. Ahmedna Ould Sidebba, dimanche soir, dans la localit\u00e9 de Jd\u00e8r, situ\u00e9 dans la commune d\u2019El-Aria, d\u00e9partement de Ouad Naga, \u00e0 l\u2019inauguration de la saison culturelle et sportive des \u00e9lus du d\u00e9partement, organis\u00e9e sous le th\u00e8me : \u00ab Ouad Naga nous rassemble, le sport nous unit, la culture est notre identit\u00e9 \u00bb.<\/p>\n<p>Le maire d\u2019El-Aria, M. Dah Ould Bamba, a pr\u00e9cis\u00e9, dans un discours prononc\u00e9 \u00e0 cette occasion, que l\u2019organisation de cette saison s\u2019inscrit dans le cadre des directives de Son Excellence le pr\u00e9sident de la R\u00e9publique, M. Mohamed Ould Cheikh El Ghazouani, visant \u00e0 promouvoir le tourisme int\u00e9rieur et \u00e0 encourager les vacances \u00e0 l\u2019int\u00e9rieur du pays.<\/p>\n<p>Il a indiqu\u00e9 que les \u00e9lus de la moughataa de Ouad Naga avaient d\u00e9cid\u00e9 d\u2019unir leurs efforts pour organiser diverses activit\u00e9s culturelles et sportives, susceptibles de contribuer \u00e0 dynamiser la vie publique et de cibler tout particuli\u00e8rement les jeunes, afin de renforcer l\u2019esprit de comp\u00e9tition positive entre eux.<\/p>\n<p>Il a ajout\u00e9 que les \u00e9lus de la moughataa ont choisi de donner \u00e0 cette \u00e9dition le nom du regrett\u00e9 Ahmed Ould Moulaye, afin de perp\u00e9tuer la m\u00e9moire de l\u2019une des figures embl\u00e9matiques de la moughataa, qui a consacr\u00e9 une partie de sa vie au service des citoyens et \u00e0 l\u2019exercice de responsabilit\u00e9s publiques, en occupant auparavant le poste de maire de la commune de Ouad Naga.<\/p>\n<p>Cette manifestation culturelle a \u00e9t\u00e9 inaugur\u00e9e en pr\u00e9sence du hakem de Ouad Naga, M. Mohamed Vall Ould Lebatt, ainsi que de plusieurs \u00e9lus de la moughataa et d\u2019un public venu nombreux, compos\u00e9 d\u2019adeptes de culture et de sport.<\/p>\n","protected":false},"excerpt":{"rendered":"<p>Le ministre de l\u2019Autonomisation des jeunes, de l\u2019Emploi, des Sports et du Service civique, M. Mohamed Abdallahi Ould Louly, accompagn\u00e9 du wali du Trarza, M. Ahmedna Ould Sidebba, dimanche soir, dans la localit\u00e9 de Jd\u00e8r, situ\u00e9 dans la commune d\u2019El-Aria, d\u00e9partement de Ouad Naga, \u00e0 l\u2019inauguration de la saison culturelle et sportive des \u00e9lus du [&hellip;]<\/p>\n","protected":false},"author":18,"featured_media":301630,"comment_status":"open","ping_status":"open","sticky":false,"template":"","format":"standard","meta":{"footnotes":""},"categories":[63918,63957,8672],"tags":[],"class_list":["post-301629","post","type-post","status-publish","format-standard","has-post-thumbnail","hentry","category-autres","category-fil-dactualite","category-8672"],"_links":{"self":[{"href":"https:\/\/ami.mr\/fr\/wp-json\/wp\/v2\/posts\/301629","targetHints":{"allow":["GET"]}}],"collection":[{"href":"https:\/\/ami.mr\/fr\/wp-json\/wp\/v2\/posts"}],"about":[{"href":"https:\/\/ami.mr\/fr\/wp-json\/wp\/v2\/types\/post"}],"author":[{"embeddable":true,"href":"https:\/\/ami.mr\/fr\/wp-json\/wp\/v2\/users\/18"}],"replies":[{"embeddable":true,"href":"https:\/\/ami.mr\/fr\/wp-json\/wp\/v2\/comments?post=301629"}],"version-history":[{"count":2,"href":"https:\/\/ami.mr\/fr\/wp-json\/wp\/v2\/posts\/301629\/revisions"}],"predecessor-version":[{"id":301651,"href":"https:\/\/ami.mr\/fr\/wp-json\/wp\/v2\/posts\/301629\/revisions\/301651"}],"wp:featuredmedia":[{"embeddable":true,"href":"https:\/\/ami.mr\/fr\/wp-json\/wp\/v2\/media\/301630"}],"wp:attachment":[{"href":"https:\/\/ami.mr\/fr\/wp-json\/wp\/v2\/media?parent=301629"}],"wp:term":[{"taxonomy":"category","embeddable":true,"href":"https:\/\/ami.mr\/fr\/wp-json\/wp\/v2\/categories?post=301629"},{"taxonomy":"post_tag","embeddable":true,"href":"https:\/\/ami.mr\/fr\/wp-json\/wp\/v2\/tags?post=301629"}],"curies":[{"name":"wp","href":"https:\/\/api.w.org\/{rel}","templated":true}]}}