{"id":301628,"date":"2026-08-31T11:56:47","date_gmt":"2026-08-31T11:56:47","guid":{"rendered":"https:\/\/ami.mr\/fr\/?p=301628"},"modified":"2026-08-31T11:59:01","modified_gmt":"2026-08-31T11:59:01","slug":"le-president-de-la-republique-felicite-le-president-de-la-slovaquie-2","status":"publish","type":"post","link":"https:\/\/ami.mr\/fr\/archives\/301628","title":{"rendered":"Le Pr\u00e9sident de la R\u00e9publique f\u00e9licite le Pr\u00e9sident de la Slovaquie"},"content":{"rendered":"<p>Son Excellence le Pr\u00e9sident de la R\u00e9publique, M. Mohamed Ould Cheikh El Ghazouani, a adress\u00e9 ce lundi un message de f\u00e9licitations \u00e0 Son Excellence M. Peter Pellegrini, Pr\u00e9sident de la R\u00e9publique slovaque, \u00e0 l\u2019occasion de la f\u00eate nationale de son pays.<\/p>\n<p>Voici le texte du message:<\/p>\n<p>\u00ab Monsieur le Pr\u00e9sident,<\/p>\n<p>\u00c0 l\u2019occasion de la c\u00e9l\u00e9bration de la f\u00eate nationale de votre pays, il m\u2019est agr\u00e9able de vous adresser mes chaleureuses f\u00e9licitations, en souhaitant au peuple slovaque ami davantage de progr\u00e8s et de prosp\u00e9rit\u00e9.<\/p>\n<p>Je tiens \u00e9galement \u00e0 vous exprimer notre enti\u00e8re disponibilit\u00e9 \u00e0 \u0153uvrer au d\u00e9veloppement des relations de coop\u00e9ration existant entre nos deux pays, au service des int\u00e9r\u00eats de nos deux peuples amis.<\/p>\n<p>Je vous prie d\u2019agr\u00e9er, Monsieur le Pr\u00e9sident, l\u2019expression de ma tr\u00e8s haute consid\u00e9ration.<\/p>\n<p>Mohamed Ould Cheikh El Ghazouani\u00bb.<\/p>\n","protected":false},"excerpt":{"rendered":"<p>Son Excellence le Pr\u00e9sident de la R\u00e9publique, M. Mohamed Ould Cheikh El Ghazouani, a adress\u00e9 ce lundi un message de f\u00e9licitations \u00e0 Son Excellence M. Peter Pellegrini, Pr\u00e9sident de la R\u00e9publique slovaque, \u00e0 l\u2019occasion de la f\u00eate nationale de son pays. Voici le texte du message: \u00ab Monsieur le Pr\u00e9sident, \u00c0 l\u2019occasion de la c\u00e9l\u00e9bration [&hellip;]<\/p>\n","protected":false},"author":2,"featured_media":301632,"comment_status":"open","ping_status":"open","sticky":false,"template":"","format":"standard","meta":{"footnotes":""},"categories":[63919,63957,25,63921,63926],"tags":[],"class_list":["post-301628","post","type-post","status-publish","format-standard","has-post-thumbnail","hentry","category-choix-du-redacteur","category-fil-dactualite","category-25","category-slider-afficher","category-slider-general"],"_links":{"self":[{"href":"https:\/\/ami.mr\/fr\/wp-json\/wp\/v2\/posts\/301628","targetHints":{"allow":["GET"]}}],"collection":[{"href":"https:\/\/ami.mr\/fr\/wp-json\/wp\/v2\/posts"}],"about":[{"href":"https:\/\/ami.mr\/fr\/wp-json\/wp\/v2\/types\/post"}],"author":[{"embeddable":true,"href":"https:\/\/ami.mr\/fr\/wp-json\/wp\/v2\/users\/2"}],"replies":[{"embeddable":true,"href":"https:\/\/ami.mr\/fr\/wp-json\/wp\/v2\/comments?post=301628"}],"version-history":[{"count":1,"href":"https:\/\/ami.mr\/fr\/wp-json\/wp\/v2\/posts\/301628\/revisions"}],"predecessor-version":[{"id":301633,"href":"https:\/\/ami.mr\/fr\/wp-json\/wp\/v2\/posts\/301628\/revisions\/301633"}],"wp:featuredmedia":[{"embeddable":true,"href":"https:\/\/ami.mr\/fr\/wp-json\/wp\/v2\/media\/301632"}],"wp:attachment":[{"href":"https:\/\/ami.mr\/fr\/wp-json\/wp\/v2\/media?parent=301628"}],"wp:term":[{"taxonomy":"category","embeddable":true,"href":"https:\/\/ami.mr\/fr\/wp-json\/wp\/v2\/categories?post=301628"},{"taxonomy":"post_tag","embeddable":true,"href":"https:\/\/ami.mr\/fr\/wp-json\/wp\/v2\/tags?post=301628"}],"curies":[{"name":"wp","href":"https:\/\/api.w.org\/{rel}","templated":true}]}}