{"id":301624,"date":"2026-08-31T11:44:36","date_gmt":"2026-08-31T11:44:36","guid":{"rendered":"https:\/\/ami.mr\/fr\/?p=301624"},"modified":"2026-08-31T11:44:36","modified_gmt":"2026-08-31T11:44:36","slug":"le-president-de-la-republique-felicite-le-president-de-louzbekistan","status":"publish","type":"post","link":"https:\/\/ami.mr\/fr\/archives\/301624","title":{"rendered":"Le Pr\u00e9sident de la R\u00e9publique f\u00e9licite le Pr\u00e9sident de l\u2019Ouzb\u00e9kistan"},"content":{"rendered":"<p>Son Excellence le Pr\u00e9sident de la R\u00e9publique, M. Mohamed Ould Cheikh El Ghazouani, a adress\u00e9, ce lundi, un message de f\u00e9licitations \u00e0 Son Excellence M. Shavkat Mirziyoyev, Pr\u00e9sident de la R\u00e9publique d\u2019Ouzb\u00e9kistan, \u00e0 l\u2019occasion de la f\u00eate nationale de son pays.<\/p>\n<p>Voici le texte du message :<\/p>\n<p>&#8220;Monsieur le Pr\u00e9sident,<\/p>\n<p>\u00c0 l\u2019occasion de la c\u00e9l\u00e9bration de la f\u00eate nationale de votre pays, j\u2019ai le plaisir de vous adresser mes chaleureuses f\u00e9licitations, en souhaitant au peuple ouzbek ami davantage de progr\u00e8s et de prosp\u00e9rit\u00e9.<\/p>\n<p>Je tiens \u00e9galement \u00e0 vous exprimer notre enti\u00e8re disponibilit\u00e9 \u00e0 \u0153uvrer au d\u00e9veloppement des relations de coop\u00e9ration existant entre nos deux pays, au service des int\u00e9r\u00eats de nos deux peuples amis.<\/p>\n<p>Je vous prie d\u2019agr\u00e9er, Monsieur le Pr\u00e9sident, l\u2019expression de ma tr\u00e8s haute consid\u00e9ration.<\/p>\n<p>Mohamed Ould Cheikh El Ghazouani&#8221;.<\/p>\n","protected":false},"excerpt":{"rendered":"<p>Son Excellence le Pr\u00e9sident de la R\u00e9publique, M. Mohamed Ould Cheikh El Ghazouani, a adress\u00e9, ce lundi, un message de f\u00e9licitations \u00e0 Son Excellence M. Shavkat Mirziyoyev, Pr\u00e9sident de la R\u00e9publique d\u2019Ouzb\u00e9kistan, \u00e0 l\u2019occasion de la f\u00eate nationale de son pays. Voici le texte du message : &#8220;Monsieur le Pr\u00e9sident, \u00c0 l\u2019occasion de la c\u00e9l\u00e9bration [&hellip;]<\/p>\n","protected":false},"author":2,"featured_media":301626,"comment_status":"open","ping_status":"open","sticky":false,"template":"","format":"standard","meta":{"footnotes":""},"categories":[63919,63957,25,63921,63926],"tags":[],"class_list":["post-301624","post","type-post","status-publish","format-standard","has-post-thumbnail","hentry","category-choix-du-redacteur","category-fil-dactualite","category-25","category-slider-afficher","category-slider-general"],"_links":{"self":[{"href":"https:\/\/ami.mr\/fr\/wp-json\/wp\/v2\/posts\/301624","targetHints":{"allow":["GET"]}}],"collection":[{"href":"https:\/\/ami.mr\/fr\/wp-json\/wp\/v2\/posts"}],"about":[{"href":"https:\/\/ami.mr\/fr\/wp-json\/wp\/v2\/types\/post"}],"author":[{"embeddable":true,"href":"https:\/\/ami.mr\/fr\/wp-json\/wp\/v2\/users\/2"}],"replies":[{"embeddable":true,"href":"https:\/\/ami.mr\/fr\/wp-json\/wp\/v2\/comments?post=301624"}],"version-history":[{"count":1,"href":"https:\/\/ami.mr\/fr\/wp-json\/wp\/v2\/posts\/301624\/revisions"}],"predecessor-version":[{"id":301627,"href":"https:\/\/ami.mr\/fr\/wp-json\/wp\/v2\/posts\/301624\/revisions\/301627"}],"wp:featuredmedia":[{"embeddable":true,"href":"https:\/\/ami.mr\/fr\/wp-json\/wp\/v2\/media\/301626"}],"wp:attachment":[{"href":"https:\/\/ami.mr\/fr\/wp-json\/wp\/v2\/media?parent=301624"}],"wp:term":[{"taxonomy":"category","embeddable":true,"href":"https:\/\/ami.mr\/fr\/wp-json\/wp\/v2\/categories?post=301624"},{"taxonomy":"post_tag","embeddable":true,"href":"https:\/\/ami.mr\/fr\/wp-json\/wp\/v2\/tags?post=301624"}],"curies":[{"name":"wp","href":"https:\/\/api.w.org\/{rel}","templated":true}]}}