{"id":301606,"date":"2026-08-30T15:32:46","date_gmt":"2026-08-30T15:32:46","guid":{"rendered":"https:\/\/ami.mr\/fr\/?p=301606"},"modified":"2026-08-30T15:32:46","modified_gmt":"2026-08-30T15:32:46","slug":"le-president-de-la-republique-adresse-ses-condoleances-au-roi-de-norvege-suite-au-deces-du-roi-harald-v","status":"publish","type":"post","link":"https:\/\/ami.mr\/fr\/archives\/301606","title":{"rendered":"Le Pr\u00e9sident de la R\u00e9publique adresse ses condol\u00e9ances au Roi de Norv\u00e8ge suite au d\u00e9c\u00e8s du Roi Harald V"},"content":{"rendered":"<p>Son Excellence le Pr\u00e9sident de la R\u00e9publique, M. Mohamed Ould Cheikh El Ghazouani, a adress\u00e9 ses sinc\u00e8res condol\u00e9ances et exprim\u00e9 sa profonde compassion \u00e0 Sa Majest\u00e9 le Roi de Norv\u00e8ge, \u00e0 la Famille Royale, au gouvernement et au peuple norv\u00e9giens amis, \u00e0 la suite du d\u00e9c\u00e8s du Roi Harald V.<\/p>\n<p>Dans un message publi\u00e9 dimanche sur son compte sur la plateforme X, Son Excellence a \u00e9crit :<\/p>\n<p>\u00ab J\u2019ai appris avec tristesse le d\u00e9c\u00e8s de Sa Majest\u00e9 le Roi Harald V de Norv\u00e8ge.<\/p>\n<p>En cette douloureuse circonstance, j\u2019adresse mes sinc\u00e8res condol\u00e9ances et ma profonde sympathie \u00e0 Sa Majest\u00e9 le Roi Haakon VIII, \u00e0 la Famille Royale, au gouvernement et au peuple norv\u00e9giens amis.<\/p>\n<p>Je souhaite \u00e9galement \u00e0 Sa Majest\u00e9 le Roi Haakon VIII de Norv\u00e8ge plein succ\u00e8s dans l\u2019exercice de ses hautes fonctions, et au peuple norv\u00e9gien ami davantage de prosp\u00e9rit\u00e9 et de d\u00e9veloppement, ainsi qu\u2019un renforcement des relations d\u2019amiti\u00e9 et de coop\u00e9ration entre nos deux pays. \u00bb<\/p>\n","protected":false},"excerpt":{"rendered":"<p>Son Excellence le Pr\u00e9sident de la R\u00e9publique, M. Mohamed Ould Cheikh El Ghazouani, a adress\u00e9 ses sinc\u00e8res condol\u00e9ances et exprim\u00e9 sa profonde compassion \u00e0 Sa Majest\u00e9 le Roi de Norv\u00e8ge, \u00e0 la Famille Royale, au gouvernement et au peuple norv\u00e9giens amis, \u00e0 la suite du d\u00e9c\u00e8s du Roi Harald V. Dans un message publi\u00e9 dimanche [&hellip;]<\/p>\n","protected":false},"author":21,"featured_media":301607,"comment_status":"open","ping_status":"open","sticky":false,"template":"","format":"standard","meta":{"footnotes":""},"categories":[63957,63959,63921,63927],"tags":[],"class_list":["post-301606","post","type-post","status-publish","format-standard","has-post-thumbnail","hentry","category-fil-dactualite","category-mauritanie","category-slider-afficher","category-slider-mauritanie"],"_links":{"self":[{"href":"https:\/\/ami.mr\/fr\/wp-json\/wp\/v2\/posts\/301606","targetHints":{"allow":["GET"]}}],"collection":[{"href":"https:\/\/ami.mr\/fr\/wp-json\/wp\/v2\/posts"}],"about":[{"href":"https:\/\/ami.mr\/fr\/wp-json\/wp\/v2\/types\/post"}],"author":[{"embeddable":true,"href":"https:\/\/ami.mr\/fr\/wp-json\/wp\/v2\/users\/21"}],"replies":[{"embeddable":true,"href":"https:\/\/ami.mr\/fr\/wp-json\/wp\/v2\/comments?post=301606"}],"version-history":[{"count":1,"href":"https:\/\/ami.mr\/fr\/wp-json\/wp\/v2\/posts\/301606\/revisions"}],"predecessor-version":[{"id":301608,"href":"https:\/\/ami.mr\/fr\/wp-json\/wp\/v2\/posts\/301606\/revisions\/301608"}],"wp:featuredmedia":[{"embeddable":true,"href":"https:\/\/ami.mr\/fr\/wp-json\/wp\/v2\/media\/301607"}],"wp:attachment":[{"href":"https:\/\/ami.mr\/fr\/wp-json\/wp\/v2\/media?parent=301606"}],"wp:term":[{"taxonomy":"category","embeddable":true,"href":"https:\/\/ami.mr\/fr\/wp-json\/wp\/v2\/categories?post=301606"},{"taxonomy":"post_tag","embeddable":true,"href":"https:\/\/ami.mr\/fr\/wp-json\/wp\/v2\/tags?post=301606"}],"curies":[{"name":"wp","href":"https:\/\/api.w.org\/{rel}","templated":true}]}}