{"id":301595,"date":"2026-08-30T11:02:24","date_gmt":"2026-08-30T11:02:24","guid":{"rendered":"https:\/\/ami.mr\/fr\/?p=301595"},"modified":"2026-08-30T11:02:24","modified_gmt":"2026-08-30T11:02:24","slug":"yahya-ngam-ancien-ambassadeur-lelection-de-m-ismail-ould-cheikh-ahmed-au-poste-de-secretaire-general-de-loci-est-le-fruit-de-la-vision-du-president-de-la-republique","status":"publish","type":"post","link":"https:\/\/ami.mr\/fr\/archives\/301595","title":{"rendered":"Yahya Ngam, ancien ambassadeur : &#8220;L\u2019\u00e9lection de M. Isma\u00efl Ould Cheikh Ahmed au poste de Secr\u00e9taire g\u00e9n\u00e9ral de l\u2019OCI est le fruit de la vision du Pr\u00e9sident de la R\u00e9publique&#8221;"},"content":{"rendered":"<p>L\u2019\u00e9lection \u00e0 l\u2019unanimit\u00e9 du diplomate mauritanien et ancien ministre des Affaires M. Isma\u00efl Ould Cheikh Ahmed, au poste de Secr\u00e9taire g\u00e9n\u00e9ral de l\u2019Organisation de la Coop\u00e9ration islamique (OCI) suscite une vive fiert\u00e9 nationale.<\/p>\n<p>S&#8217;exprimant sur cet \u00e9v\u00e9nement diplomatique majeur, l\u2019ancien ambassadeur, M. Yahya Ngam, a tenu \u00e0 rappeler le r\u00f4le d\u00e9terminant de la vision pr\u00e9sidentielle dans ce succ\u00e8s \u00e9lectoral et diplomatique.<\/p>\n<p>Selon M. Ngam, cette victoire sur la sc\u00e8ne internationale, t\u00e9moigne directement du dynamisme de l&#8217;action diplomatique men\u00e9e par le Pr\u00e9sident de la R\u00e9publique, Son Excellence Mohamed Ould Cheikh El Ghazouani. \u00ab Ces derni\u00e8res ann\u00e9es, notre diplomatie a connu des d\u00e9veloppements extr\u00eamement significatifs compte tenu de l&#8217;action personnelle du Pr\u00e9sident de la R\u00e9publique \u00bb, a-t-il soulign\u00e9, rappelant la pr\u00e9sidence mauritanienne de l&#8217;Union africaine, exerc\u00e9e avec un \u00ab succ\u00e8s \u00e9clatant \u00bb qui a renforc\u00e9 la voix du pays dans le concert des nations.<\/p>\n<p>L\u2019ancien ambassadeur pr\u00e9cise que ce r\u00e9sultat est \u00ab d&#8217;abord et avant tout le r\u00e9sultat de la diplomatie active du Pr\u00e9sident de la R\u00e9publique, diplomatie qui a su mettre en relief la position strat\u00e9gique de la Mauritanie sur le plan g\u00e9ographique et bien entendu aussi d\u00e9velopper les id\u00e9aux de paix et de coop\u00e9ration. \u00bb<\/p>\n<p>Il a \u00e9galement tenu \u00e0 saluer l&#8217;action du minist\u00e8re des Affaires \u00e9trang\u00e8res, qui a su traduire sur le terrain les instructions pr\u00e9sidentielles pour concr\u00e9tiser cette \u00e9lection face \u00e0 une comp\u00e9tition exigeante.<\/p>\n<p>Outre le soutien politique au sommet de l&#8217;\u00c9tat, la candidature de M. Ismail Ould Cheikh Ahmed s&#8217;est appuy\u00e9e sur des comp\u00e9tences et un parcours de haut niveau. M. Ngam a rappel\u00e9 le passage d\u2019Ould Cheikh Ahmed \u00e0 la t\u00eate du minist\u00e8re des Affaires \u00e9trang\u00e8res ainsi que ses hautes fonctions internationales, notamment comme Envoy\u00e9 sp\u00e9cial des Nations Unies au Y\u00e9men et pour la lutte contre l&#8217;Ebola.<\/p>\n<p>La port\u00e9e de cette \u00e9lection \u00e0 l\u2019unanimit\u00e9, s&#8217;inscrit aussi dans la dimension de l&#8217;institution concern\u00e9e. M. Ngam est revenu sur l&#8217;histoire de l&#8217;OCI, cr\u00e9\u00e9e le 25 septembre 1969 \u00e0 Rabat sous le nom d&#8217;Organisation de la Conf\u00e9rence islamique, \u00e0 la suite de l&#8217;attaque contre la mosqu\u00e9e Al-Aqsa. Comptant \u00e0 l&#8217;origine 30 membres, elle rassemble aujourd&#8217;hui 57 \u00c9tats, constituant \u00ab la seconde organisation internationale en termes de membres apr\u00e8s l&#8217;Organisation des Nations Unies. \u00bb<\/p>\n<p>Pour l\u2019ancien ambassadeur, ce succ\u00e8s vient confirmer une dynamique globale pour la diplomatie mauritanienne, illustr\u00e9e pr\u00e9c\u00e9demment par l&#8217;\u00e9lection de M. Sidi Ould Tah \u00e0 la Banque Africaine de D\u00e9veloppement (BAD).<\/p>\n<p>Saluant ces accomplissements rendus possibles \u00ab par la gr\u00e2ce d&#8217;Allah \u00bb et la diplomatie active insuffl\u00e9e par la vision du Pr\u00e9sident de la R\u00e9publique, M. Ngam s&#8217;est dit confiant pour les \u00e9ch\u00e9ances \u00e0 venir, notamment concernant la candidature mauritanienne au sein de la Francophonie, actuellement en tr\u00e8s bonne position.<\/p>\n","protected":false},"excerpt":{"rendered":"<p>L\u2019\u00e9lection \u00e0 l\u2019unanimit\u00e9 du diplomate mauritanien et ancien ministre des Affaires M. Isma\u00efl Ould Cheikh Ahmed, au poste de Secr\u00e9taire g\u00e9n\u00e9ral de l\u2019Organisation de la Coop\u00e9ration islamique (OCI) suscite une vive fiert\u00e9 nationale. S&#8217;exprimant sur cet \u00e9v\u00e9nement diplomatique majeur, l\u2019ancien ambassadeur, M. Yahya Ngam, a tenu \u00e0 rappeler le r\u00f4le d\u00e9terminant de la vision pr\u00e9sidentielle [&hellip;]<\/p>\n","protected":false},"author":21,"featured_media":301596,"comment_status":"open","ping_status":"open","sticky":false,"template":"","format":"standard","meta":{"footnotes":""},"categories":[63918,63957,63959],"tags":[],"class_list":["post-301595","post","type-post","status-publish","format-standard","has-post-thumbnail","hentry","category-autres","category-fil-dactualite","category-mauritanie"],"_links":{"self":[{"href":"https:\/\/ami.mr\/fr\/wp-json\/wp\/v2\/posts\/301595","targetHints":{"allow":["GET"]}}],"collection":[{"href":"https:\/\/ami.mr\/fr\/wp-json\/wp\/v2\/posts"}],"about":[{"href":"https:\/\/ami.mr\/fr\/wp-json\/wp\/v2\/types\/post"}],"author":[{"embeddable":true,"href":"https:\/\/ami.mr\/fr\/wp-json\/wp\/v2\/users\/21"}],"replies":[{"embeddable":true,"href":"https:\/\/ami.mr\/fr\/wp-json\/wp\/v2\/comments?post=301595"}],"version-history":[{"count":1,"href":"https:\/\/ami.mr\/fr\/wp-json\/wp\/v2\/posts\/301595\/revisions"}],"predecessor-version":[{"id":301597,"href":"https:\/\/ami.mr\/fr\/wp-json\/wp\/v2\/posts\/301595\/revisions\/301597"}],"wp:featuredmedia":[{"embeddable":true,"href":"https:\/\/ami.mr\/fr\/wp-json\/wp\/v2\/media\/301596"}],"wp:attachment":[{"href":"https:\/\/ami.mr\/fr\/wp-json\/wp\/v2\/media?parent=301595"}],"wp:term":[{"taxonomy":"category","embeddable":true,"href":"https:\/\/ami.mr\/fr\/wp-json\/wp\/v2\/categories?post=301595"},{"taxonomy":"post_tag","embeddable":true,"href":"https:\/\/ami.mr\/fr\/wp-json\/wp\/v2\/tags?post=301595"}],"curies":[{"name":"wp","href":"https:\/\/api.w.org\/{rel}","templated":true}]}}