{"id":301581,"date":"2026-08-29T19:05:37","date_gmt":"2026-08-29T19:05:37","guid":{"rendered":"https:\/\/ami.mr\/fr\/?p=301581"},"modified":"2026-08-30T13:02:40","modified_gmt":"2026-08-30T13:02:40","slug":"aioun-hommage-aux-laureats-des-concours-nationaux","status":"publish","type":"post","link":"https:\/\/ami.mr\/fr\/archives\/301581","title":{"rendered":"Aioun : Hommage aux laur\u00e9ats des concours nationaux"},"content":{"rendered":"<div class=\"row\">Le wali de Hodh El Gharbi, M. Mohammed Ould Ahmed Maouloud, a pr\u00e9sid\u00e9, ce samedi, dans la ville d\u2019Aioun, une c\u00e9r\u00e9monie organis\u00e9e par le conseil r\u00e9gional du Hodh ElGharbi, en hommage aux laur\u00e9ats des concours nationaux et aux \u00e9quipes \u00e9ducatives au niveau de la wilaya.<\/div>\n<div class=\"row\">\n<div class=\"cell auto-size\">\n<div class=\"set-border bd-gray padding10 margin10 no-margin-right no-margin-left \" dir=\"ltr\">\n<p>Le wali a salu\u00e9, dans une allocution \u00e0 cette occasion, l&#8217;int\u00e9r\u00eat que porte Son Excellence le Pr\u00e9sident de la R\u00e9publique, Monsieur Mohammed Ould Cheikh El Ghazouani, \u00e0 l&#8217;\u00e9ducation, en tant que pierre angulaire de la construction nationale, louant \u00e0 cet \u00e9gard l&#8217;adoption de l&#8217;\u00e9cole r\u00e9publicaine qui commence \u00e0 porter ses fruits de mani\u00e8re claire et concr\u00e8te.<\/p>\n<p>Il a remerci\u00e9 le conseil r\u00e9gional pour cette initiative qui encourage les laur\u00e9ats, renforce leur moral et contribue \u00e0 am\u00e9liorer les r\u00e9sultats scolaires, appelant tout le monde \u00e0 soutenir les efforts d\u00e9ploy\u00e9s pour faire progresser le syst\u00e8me \u00e9ducatif.<\/p>\n<p>De son c\u00f4t\u00e9, le pr\u00e9sident du conseil r\u00e9gional de la wilaya du Hodh El Gharbi, M. Jamal Ould Mohamed, a expliqu\u00e9 que l&#8217;hommage aux laur\u00e9ats n&#8217;est pas seulement une distribution de prix, mais un message de reconnaissance au savoir et \u00e0 celles et ceux qui le portent, ainsi qu&#8217;un encouragement aux laur\u00e9ats \u00e0 poursuivre le chemin du s\u00e9rieux, de l&#8217;effort et de l&#8217;excellence.<\/p>\n<p>Il a ajout\u00e9 que cette c\u00e9r\u00e9monie constitue un soutien aux valeurs de l&#8217;\u00e9cole r\u00e9publicaine, qui a fait de l&#8217;\u00e9galit\u00e9, de l&#8217;\u00e9quit\u00e9 des chances et de l&#8217;excellence des piliers essentiels pour construire des g\u00e9n\u00e9rations instruites, attach\u00e9es \u00e0 leurs valeurs nationales et capables de contribuer au processus de construction et de d\u00e9veloppement.<\/p>\n<p>Quant au maire de la commune d\u2019Aioun M. Sidi Mohammed Ould El Bekkaye, il a salu\u00e9 les r\u00e9sultats obtenus par les \u00e9l\u00e8ves de la wilaya dans les concours nationaux cette ann\u00e9e, remerciant le conseil r\u00e9gional pour cet hommage qui motivera les \u00e9l\u00e8ves \u00e0 davantage de s\u00e9rieux et de d\u00e9vouement.Le directeur r\u00e9gional du minist\u00e8re de l\u2019\u00c9ducation et de la R\u00e9forme du Syst\u00e8me d\u2019Enseignement, M. Mohamed Salem Ould Mohamed El Moustapha, avait affirm\u00e9 auparavant, dans une allocution, que cette c\u00e9r\u00e9monie intervient apr\u00e8s une ann\u00e9e d\u2019efforts ayant contribu\u00e9 \u00e0 l\u2019augmentation du taux de r\u00e9ussite aux concours nationaux au niveau de la wilaya par rapport aux ann\u00e9es pr\u00e9c\u00e9dentes.<\/p>\n<p>Ont assist\u00e9 \u00e0 la c\u00e9r\u00e9monie le hakem de la moughataa d\u2019Aioun, les commandants des appareils de s\u00e9curit\u00e9 et militaires, ainsi qu&#8217;un groupe de parents d&#8217;\u00e9l\u00e8ves.<\/p>\n<\/div>\n<\/div>\n<\/div>\n","protected":false},"excerpt":{"rendered":"<p>Le wali de Hodh El Gharbi, M. Mohammed Ould Ahmed Maouloud, a pr\u00e9sid\u00e9, ce samedi, dans la ville d\u2019Aioun, une c\u00e9r\u00e9monie organis\u00e9e par le conseil r\u00e9gional du Hodh ElGharbi, en hommage aux laur\u00e9ats des concours nationaux et aux \u00e9quipes \u00e9ducatives au niveau de la wilaya. Le wali a salu\u00e9, dans une allocution \u00e0 cette occasion, [&hellip;]<\/p>\n","protected":false},"author":8,"featured_media":301582,"comment_status":"open","ping_status":"open","sticky":false,"template":"","format":"standard","meta":{"footnotes":""},"categories":[63918,63957],"tags":[],"class_list":["post-301581","post","type-post","status-publish","format-standard","has-post-thumbnail","hentry","category-autres","category-fil-dactualite"],"_links":{"self":[{"href":"https:\/\/ami.mr\/fr\/wp-json\/wp\/v2\/posts\/301581","targetHints":{"allow":["GET"]}}],"collection":[{"href":"https:\/\/ami.mr\/fr\/wp-json\/wp\/v2\/posts"}],"about":[{"href":"https:\/\/ami.mr\/fr\/wp-json\/wp\/v2\/types\/post"}],"author":[{"embeddable":true,"href":"https:\/\/ami.mr\/fr\/wp-json\/wp\/v2\/users\/8"}],"replies":[{"embeddable":true,"href":"https:\/\/ami.mr\/fr\/wp-json\/wp\/v2\/comments?post=301581"}],"version-history":[{"count":2,"href":"https:\/\/ami.mr\/fr\/wp-json\/wp\/v2\/posts\/301581\/revisions"}],"predecessor-version":[{"id":301604,"href":"https:\/\/ami.mr\/fr\/wp-json\/wp\/v2\/posts\/301581\/revisions\/301604"}],"wp:featuredmedia":[{"embeddable":true,"href":"https:\/\/ami.mr\/fr\/wp-json\/wp\/v2\/media\/301582"}],"wp:attachment":[{"href":"https:\/\/ami.mr\/fr\/wp-json\/wp\/v2\/media?parent=301581"}],"wp:term":[{"taxonomy":"category","embeddable":true,"href":"https:\/\/ami.mr\/fr\/wp-json\/wp\/v2\/categories?post=301581"},{"taxonomy":"post_tag","embeddable":true,"href":"https:\/\/ami.mr\/fr\/wp-json\/wp\/v2\/tags?post=301581"}],"curies":[{"name":"wp","href":"https:\/\/api.w.org\/{rel}","templated":true}]}}